{"id":37742,"date":"2019-10-18T10:48:14","date_gmt":"2019-10-18T08:48:14","guid":{"rendered":"https:\/\/www.messinaoggi.it\/website\/?p=37742"},"modified":"2019-10-18T10:48:14","modified_gmt":"2019-10-18T08:48:14","slug":"archiviata-querela-contro-il-segretario-atm-di-uiltrasporti-esulta-il-sindacato","status":"publish","type":"post","link":"https:\/\/www.messinaoggi.it\/website\/2019\/10\/18\/archiviata-querela-contro-il-segretario-atm-di-uiltrasporti-esulta-il-sindacato\/","title":{"rendered":"Archiviata querela contro il segretario Atm di Uiltrasporti: esulta il sindacato"},"content":{"rendered":"<p style=\"text-align: justify\">\u201c<em>Ancora una volta trionfa la libert\u00e0 di opinione sindacale<\/em>\u201d. Cos\u00ec i segretari generali delle sezioni messinesi di Uil e Uiltrasporti, rispettivamente Ivan Tripodi e Michele Barresi, esultando per la richiesta di archiviazione, voluta dal pm Antonio Carchietti, della querela che il direttore generale di Atm Natale Trischitta aveva presentato contro il segretario aziendale della Uiltrasporti Paolo Frigione. Adesso Trischitta ha venti giorni di tempo per decidere se impugnare o meno tale decisione, a patto che fornisca delle valide motivazioni.<div id=\"div-gpt-ad-Messinaoggi.it-DSK-300x250-corpoart\" style=\"text-align:center;margin:0 auto;\"><\/div><\/p>\n<p style=\"text-align: justify\">\u201c<em>Frigione aveva \u201cosato\u201d criticare sui social l\u2019operato dei vertici e del Cda Atm.<\/em> \u2013 spiegano Tripodi e Barresi \u2013 <em>Questo gli era costato un provvedimento disciplinare, che non aveva mai avuto in 40 anni di carriera, con 15 giorni di sospensione dalla retribuzione e una querela promossa dai dirigenti Atm. La sospensione dal servizio e dello stipendio era scattata subito senza neanche dare al lavoratore la possibilit\u00e0 di difendersi. Quel provvedimento, che risale allo scorso gennaio, fu poi annullato dal Consiglio di disciplina dell\u2019azienda che ordin\u00f2 ad Atm di restituire circa 900 euro indebitamente sottratti al dipendente prima che questo potesse avvalersi del diritto di difesa. Dando, di fatto, ragione al lavoratore. <\/em><em>L\u2019Atm per\u00f2 non si \u00e8 accontentata del responso del suo stesso Consiglio di disciplina. E cos\u00ec ha portato in Tribunale la querela nei confronti di Paolo Frigione. La Procura della Repubblica per\u00f2 ha chiesto l\u2019archiviazione. Dando ragione per la seconda volta al lavoratore.\u00a0<\/em><div id=\"videoincontent\" style=\"clear:both\";><\/div><\/p>\n<p style=\"text-align: justify\">\u201c<em>Con soddisfazione possiamo dire che per ben due volte vincono libert\u00e0 di pensiero e critica sindacale \u2013<\/em> concludono i due sindacalisti <em>\u2013 e vengono restituiti al mittente i tentativi di repressione di ogni forma di dissenso con cui il nuovo management di Atm tenta di mantenere in silenzio i dipendenti. Siamo certi che anche in questo caso l\u2019Atm continuer\u00e0 ad opporsi agli esiti della Procura, forti del fatto che le inutili spese giudiziarie e legali si riversano sulle tasche dei cittadini e non su quelle dei manager nominati dal sindaco De Luca<\/em>\u201d.<\/p>\n","protected":false},"excerpt":{"rendered":"<p>\u201cAncora una volta trionfa la libert\u00e0 di opinione sindacale\u201d. Cos\u00ec i segretari generali delle sezioni messinesi di Uil e Uiltrasporti, rispettivamente Ivan Tripodi e Michele Barresi, esultando per la richiesta di archiviazione, voluta dal pm Antonio Carchietti, della querela che il direttore generale di Atm Natale Trischitta aveva presentato contro il segretario aziendale della Uiltrasporti [&hellip;]<\/p>\n","protected":false},"author":8,"featured_media":14925,"comment_status":"closed","ping_status":"open","sticky":false,"template":"","format":"standard","meta":{"ub_ctt_via":"","_mi_skip_tracking":false},"categories":[4],"tags":[],"featured_image_src":"https:\/\/www.messinaoggi.it\/website\/wp-content\/uploads\/2018\/01\/Atm-linea-79-1.jpg","author_info":{"display_name":"red..me","author_link":"https:\/\/www.messinaoggi.it\/website\/author\/redstage\/"},"digistream_id":0,"digistream":false,"_links":{"self":[{"href":"https:\/\/www.messinaoggi.it\/website\/wp-json\/wp\/v2\/posts\/37742"}],"collection":[{"href":"https:\/\/www.messinaoggi.it\/website\/wp-json\/wp\/v2\/posts"}],"about":[{"href":"https:\/\/www.messinaoggi.it\/website\/wp-json\/wp\/v2\/types\/post"}],"author":[{"embeddable":true,"href":"https:\/\/www.messinaoggi.it\/website\/wp-json\/wp\/v2\/users\/8"}],"replies":[{"embeddable":true,"href":"https:\/\/www.messinaoggi.it\/website\/wp-json\/wp\/v2\/comments?post=37742"}],"version-history":[{"count":0,"href":"https:\/\/www.messinaoggi.it\/website\/wp-json\/wp\/v2\/posts\/37742\/revisions"}],"wp:featuredmedia":[{"embeddable":true,"href":"https:\/\/www.messinaoggi.it\/website\/wp-json\/wp\/v2\/media\/14925"}],"wp:attachment":[{"href":"https:\/\/www.messinaoggi.it\/website\/wp-json\/wp\/v2\/media?parent=37742"}],"wp:term":[{"taxonomy":"category","embeddable":true,"href":"https:\/\/www.messinaoggi.it\/website\/wp-json\/wp\/v2\/categories?post=37742"},{"taxonomy":"post_tag","embeddable":true,"href":"https:\/\/www.messinaoggi.it\/website\/wp-json\/wp\/v2\/tags?post=37742"}],"curies":[{"name":"wp","href":"https:\/\/api.w.org\/{rel}","templated":true}]}}