{"id":37734,"date":"2019-10-18T10:58:19","date_gmt":"2019-10-18T08:58:19","guid":{"rendered":"https:\/\/www.messinaoggi.it\/website\/?p=37734"},"modified":"2019-10-18T10:58:19","modified_gmt":"2019-10-18T08:58:19","slug":"il-generale-luigi-robusto-ha-incontrato-62-ufficiali-pronti-per-i-comandi","status":"publish","type":"post","link":"https:\/\/www.messinaoggi.it\/website\/2019\/10\/18\/il-generale-luigi-robusto-ha-incontrato-62-ufficiali-pronti-per-i-comandi\/","title":{"rendered":"Il generale Luigi Robusto ha incontrato 62 ufficiali pronti per i comandi"},"content":{"rendered":"<p>Il Comandante Interregionale <strong>Generale di Corpo d\u2019Armata Luigi Robusto<\/strong>, ha incontrato i 62 Ufficiali, tra cui i quattro che hanno assunto l\u2019incarico di Comandante Provinciale nelle Provincie di Palermo, Ragusa, Catanzaro e Vibo Valentia, destinati ad assumere incarichi di comando nell\u2019ambito delle Legioni Carabinieri Sicilia e Calabria, poste alle dipendenze dal Comando Interregionale Carabinieri \u201c<em>Culqualber<\/em>\u201d.<br \/>\n<img loading=\"lazy\" class=\"size-medium wp-image-37736 alignright\" src=\"https:\/\/www.messinaoggi.it\/website\/wp-content\/uploads\/2019\/10\/DSC_3049ridotta-300x200.jpg\" alt=\"\" width=\"300\" height=\"200\" \/><br \/>\nIl Generale Luigi Robusto rivolgendosi agli Ufficiali ha dapprima sottolineato l\u2019importanza della figura del comandante nell\u2019organizzazione dell\u2019Arma dei Carabinieri il cui ruolo, ad ogni livello gerarchico, resta sempre e comunque fondante per l\u2019Istituzione. Continuando, il Comandante Interregionale ha evidenziato che essere comandanti in questi territori, significa doversi confrontare con le realt\u00e0 di Sicilia e Calabria, indossando sempre l\u2019abito del rispetto, senza esaltarsi pensando di trovarsi in territori di mafia e di \u2018ndrangheta ed ha invitato gli ufficiali a vivere con intensit\u00e0 ed <strong>amore<\/strong> questi territori dell\u2019estremo Sud della Nazione che lasceranno un segno distintivo nella loro formazione, evidenziando non soltanto l\u2019importanza della lotta <em>di trincea<\/em> alla criminalit\u00e0 organizzata e comune ma spronandoli anche ad <em>avere il coraggio di<\/em> <em>uscire da quella trincea e fare la differenza sfatando certe credenze e di avere la capacit\u00e0 di parlare alla gente<\/em> <em>riuscendo a farsi ascoltare. <\/em><br \/>\nIl Comandante Interregionale ha voluto mettere in risalto l\u2019importanza della terziet\u00e0 che ogni carabiniere ed in particolare il comandante, deve avere nello svolgimento del servizio poich\u00e9 deve essere <em>custode della verit\u00e0 e della legalit\u00e0<\/em> che devono animare l\u2019attivit\u00e0 svolta, silentemente, ogni giorno dai carabinieri con coraggio, umilt\u00e0 ed umanit\u00e0, testimoniando la vicinanza dell\u2019Arma alla popolazione anche e soprattutto nelle quotidiane difficolt\u00e0.<br \/>\nIl Generale Robusto, infine ha concluso sottolineando che <em>\u201cil rispetto dell\u2019Arma parte sempre dalle piccole cose che fanno la differenza ed insegnano, attraverso <strong>l\u2019esempio<\/strong>, le ragioni, le regole ed i valori\u201d .<\/em><div id=\"div-gpt-ad-Messinaoggi.it-DSK-300x250-corpoart\" style=\"text-align:center;margin:0 auto;\"><\/div><\/p>\n<div id=\"videoincontent\" style=\"clear:both\";><\/div>","protected":false},"excerpt":{"rendered":"<p>Il Comandante Interregionale Generale di Corpo d\u2019Armata Luigi Robusto, ha incontrato i 62 Ufficiali, tra cui i quattro che hanno assunto l\u2019incarico di Comandante Provinciale nelle Provincie di Palermo, Ragusa, Catanzaro e Vibo Valentia, destinati ad assumere incarichi di comando nell\u2019ambito delle Legioni Carabinieri Sicilia e Calabria, poste alle dipendenze dal Comando Interregionale Carabinieri \u201cCulqualber\u201d. [&hellip;]<\/p>\n","protected":false},"author":2,"featured_media":37735,"comment_status":"closed","ping_status":"open","sticky":false,"template":"","format":"standard","meta":{"ub_ctt_via":"","_mi_skip_tracking":false},"categories":[11],"tags":[],"featured_image_src":"https:\/\/www.messinaoggi.it\/website\/wp-content\/uploads\/2019\/10\/DSC_3056Ridotta.jpg","author_info":{"display_name":"Redazione","author_link":"https:\/\/www.messinaoggi.it\/website\/author\/redazione\/"},"digistream_id":0,"digistream":false,"_links":{"self":[{"href":"https:\/\/www.messinaoggi.it\/website\/wp-json\/wp\/v2\/posts\/37734"}],"collection":[{"href":"https:\/\/www.messinaoggi.it\/website\/wp-json\/wp\/v2\/posts"}],"about":[{"href":"https:\/\/www.messinaoggi.it\/website\/wp-json\/wp\/v2\/types\/post"}],"author":[{"embeddable":true,"href":"https:\/\/www.messinaoggi.it\/website\/wp-json\/wp\/v2\/users\/2"}],"replies":[{"embeddable":true,"href":"https:\/\/www.messinaoggi.it\/website\/wp-json\/wp\/v2\/comments?post=37734"}],"version-history":[{"count":0,"href":"https:\/\/www.messinaoggi.it\/website\/wp-json\/wp\/v2\/posts\/37734\/revisions"}],"wp:featuredmedia":[{"embeddable":true,"href":"https:\/\/www.messinaoggi.it\/website\/wp-json\/wp\/v2\/media\/37735"}],"wp:attachment":[{"href":"https:\/\/www.messinaoggi.it\/website\/wp-json\/wp\/v2\/media?parent=37734"}],"wp:term":[{"taxonomy":"category","embeddable":true,"href":"https:\/\/www.messinaoggi.it\/website\/wp-json\/wp\/v2\/categories?post=37734"},{"taxonomy":"post_tag","embeddable":true,"href":"https:\/\/www.messinaoggi.it\/website\/wp-json\/wp\/v2\/tags?post=37734"}],"curies":[{"name":"wp","href":"https:\/\/api.w.org\/{rel}","templated":true}]}}