{"id":37732,"date":"2019-10-18T09:57:11","date_gmt":"2019-10-18T07:57:11","guid":{"rendered":"https:\/\/www.messinaoggi.it\/website\/?p=37732"},"modified":"2019-10-18T09:57:11","modified_gmt":"2019-10-18T07:57:11","slug":"sanita-finanziamento-sospeso-de-luca-invita-razza-a-non-tenere-messina-in-ostaggio","status":"publish","type":"post","link":"https:\/\/www.messinaoggi.it\/website\/2019\/10\/18\/sanita-finanziamento-sospeso-de-luca-invita-razza-a-non-tenere-messina-in-ostaggio\/","title":{"rendered":"Sanit\u00e0, finanziamento &quot;sospeso&quot;: De Luca invita Razza a non tenere Messina in ostaggio"},"content":{"rendered":"<p class=\"p1\"><span class=\"s1\">\u201cC\u2019\u00e8 un progetto importante per la citt\u00e0, unico in Italia che il prof. Bramanti ha impostato nel suo percorso strategico, con l\u2019allora Ministro Lorenzin, che vede la citt\u00e0 di Messina in una proposta innovativa nel settore della sanit\u00e0. Si tratta di 91 milioni di euro gi\u00e0 finanziati in favore dell\u2019IRCCS Centro Neurolesi Bonino Pulejo, per investimenti nel settore delle disabilit\u00e0, ovvero per realizzare un Delfinaio e una struttura \u201c7 Tesla\u201d, unica in Italia, che serve a diagnosticare le malattie tumorali. Abbiamo ottenuto questo finanziamento e abbiamo avuto anche qualche ricorso dal Nord. \u00c8 chiaro, quando qualcosa al Sud funziona, al Nord ci si chiede perch\u00e9?\u201d A riferirlo \u00e8 il Sindaco di Messina, on. Cateno De Luca, che si rivolge all\u2019Assessore regionale della Salute, Ruggero Razza chiedendo spiegazioni.<\/span><div id=\"div-gpt-ad-Messinaoggi.it-DSK-300x250-corpoart\" style=\"text-align:center;margin:0 auto;\"><\/div><\/p>\n<p class=\"p1\"><span class=\"s1\">\u201cQuesta procedura \u2013 continua il Primo cittadino \u2013 passa attraverso un\u2019intesa con il Consiglio dei Ministri. Da Roma \u00e8 stato chiesto al nostro Assessorato regionale della salute di firmare un protocollo per chiudere la procedura ed evitare di perdere le risorse, ben 91 milioni di euro. Le carte sono tante, ma quelle pi\u00f9 rilevanti riguardano un primo sollecito da Roma, datato 3 Maggio 2019, a cui \u00e8 seguito un secondo sollecito del 12 Settembre 2019 \u2013 e non si tratta di <i>fake news<\/i> come Razza asserisce, perch\u00e9 sto guardando le carte\u201d.<\/span><div id=\"videoincontent\" style=\"clear:both\";><\/div><\/p>\n<p class=\"p1\"><span class=\"s1\">\u201cA questo punto &#8211; sottolinea il Sindaco Peloritano \u2013 dico all\u2019assessore Razza a nome di tutta la comunit\u00e0 di Messina: ti ho cercato, ho cercato i tuoi direttori generali, per cortesia, ricontattami. Noi su questa storia siamo uniti, non c\u2019\u00e8 colore politico. Siamo pronti a marciare su Palermo per difendere un lavoro fatto in questi anni che per Messina \u00e8 anche un elemento di rilancio. Sono sicuro che non ci sono campanilismi. Conoscendo la tua seriet\u00e0 non ti sei posto il problema sul perch\u00e9 a Messina si e a Catania o Palermo no\u201d.<\/span><\/p>\n<p class=\"p1\"><span class=\"s1\">\u201cAttendo quindi di essere ricevuto da te \u2013 conclude De Luca \u2013 con tutta la delegazione. Sai bene che stiamo parlando di un progetto d\u2019eccellenza, altrimenti non avrebbe ricevuto il finanziamento. Sono sicuro che tale vicenda \u00e8 una svista perch\u00e9 altrimenti sarebbe inaccettabile che un siciliano ostacoli un beneficio per la sua Regione. Attendo dunque la tua convocazione perch\u00e9 diversamente verremo a cercarti come Istituzione che protesta per una burocrazia che ci sta facendo correre il rischio della revoca del finanziamento. Noi come \u2018Meridione\u2019 non possiamo permettercelo, ma neanche Noi come \u2018Nazione\u2019, perch\u00e9 ripeto, in Italia non esiste ancora una 7 Tesla in grado di diagnosticare le malattie tumorali\u201d.<\/span><\/p>\n","protected":false},"excerpt":{"rendered":"<p>\u201cC\u2019\u00e8 un progetto importante per la citt\u00e0, unico in Italia che il prof. Bramanti ha impostato nel suo percorso strategico, con l\u2019allora Ministro Lorenzin, che vede la citt\u00e0 di Messina in una proposta innovativa nel settore della sanit\u00e0. Si tratta di 91 milioni di euro gi\u00e0 finanziati in favore dell\u2019IRCCS Centro Neurolesi Bonino Pulejo, per [&hellip;]<\/p>\n","protected":false},"author":2,"featured_media":37733,"comment_status":"closed","ping_status":"open","sticky":false,"template":"","format":"standard","meta":{"ub_ctt_via":"","_mi_skip_tracking":false},"categories":[4],"tags":[],"featured_image_src":"https:\/\/www.messinaoggi.it\/website\/wp-content\/uploads\/2019\/10\/Immagine-Giunta-De-Luca.jpeg","author_info":{"display_name":"Redazione","author_link":"https:\/\/www.messinaoggi.it\/website\/author\/redazione\/"},"digistream_id":0,"digistream":false,"_links":{"self":[{"href":"https:\/\/www.messinaoggi.it\/website\/wp-json\/wp\/v2\/posts\/37732"}],"collection":[{"href":"https:\/\/www.messinaoggi.it\/website\/wp-json\/wp\/v2\/posts"}],"about":[{"href":"https:\/\/www.messinaoggi.it\/website\/wp-json\/wp\/v2\/types\/post"}],"author":[{"embeddable":true,"href":"https:\/\/www.messinaoggi.it\/website\/wp-json\/wp\/v2\/users\/2"}],"replies":[{"embeddable":true,"href":"https:\/\/www.messinaoggi.it\/website\/wp-json\/wp\/v2\/comments?post=37732"}],"version-history":[{"count":0,"href":"https:\/\/www.messinaoggi.it\/website\/wp-json\/wp\/v2\/posts\/37732\/revisions"}],"wp:featuredmedia":[{"embeddable":true,"href":"https:\/\/www.messinaoggi.it\/website\/wp-json\/wp\/v2\/media\/37733"}],"wp:attachment":[{"href":"https:\/\/www.messinaoggi.it\/website\/wp-json\/wp\/v2\/media?parent=37732"}],"wp:term":[{"taxonomy":"category","embeddable":true,"href":"https:\/\/www.messinaoggi.it\/website\/wp-json\/wp\/v2\/categories?post=37732"},{"taxonomy":"post_tag","embeddable":true,"href":"https:\/\/www.messinaoggi.it\/website\/wp-json\/wp\/v2\/tags?post=37732"}],"curies":[{"name":"wp","href":"https:\/\/api.w.org\/{rel}","templated":true}]}}