{"id":37717,"date":"2019-10-17T12:30:52","date_gmt":"2019-10-17T10:30:52","guid":{"rendered":"https:\/\/www.messinaoggi.it\/website\/?p=37717"},"modified":"2019-10-17T12:30:52","modified_gmt":"2019-10-17T10:30:52","slug":"maxi-indennita-per-i-dirigenti-comunali-de-luca-scopre-fondo-gonfiato-del-150","status":"publish","type":"post","link":"https:\/\/www.messinaoggi.it\/website\/2019\/10\/17\/maxi-indennita-per-i-dirigenti-comunali-de-luca-scopre-fondo-gonfiato-del-150\/","title":{"rendered":"Maxi indennit\u00e0 per i dirigenti comunali: De Luca scopre fondo gonfiato del 150%"},"content":{"rendered":"<p style=\"text-align: justify\">\u201cSono incazzato, perch\u00e9 c\u2019\u00e8 chi sapeva e ha omesso di riferire\u201d. Giallo a Palazzo Zanca, dove qualcuno operante tra le mura dell&#8217;Amministrazione comunale avrebbe omesso al sindaco Cateno De Luca la presenza di un fondo a carico del comune di Messina gonfiato del 150%. Stiamo parlando del Fondo per il salario accessorio dei dirigenti, un fondo costituito nel 2010 per dare ai dirigenti comunali l\u2019indennit\u00e0 di posizione e di risultato che &#8211; stando alle cifre riportate dal primo cittadino, che sono tutte da confermare come precisa lo stesso De Luca &#8211; avrebbe comportato al comune di Messina una spesa di almeno 300 mila euro in pi\u00f9 l\u2019anno a partire dal 2010. In particolare, il fondo al momento della sua costituzione ammontava a circa 2 milioni e 100 mila euro.<div id=\"div-gpt-ad-Messinaoggi.it-DSK-300x250-corpoart\" style=\"text-align:center;margin:0 auto;\"><\/div><\/p>\n<p style=\"text-align: justify\">De Luca spiega di aver realizzato delle apposite verifiche assieme all\u2019attuale segretario generale, e ha scoperto che il collegio dei revisori in ben due occasioni, la prima nel 2013 e la seconda tre anni dopo, segnal\u00f2 che il fondo risultava essere gonfiato: \u201cAbbiamo aperto una discussione con il nostro segretario generale, e abbiamo scoperto che il collegio dei revisori gi\u00e0 nel 2013 era contrario alla costituzione del fondo perch\u00e9 c\u2019erano delle somme in pi\u00f9, pari a 700 mila euro. Nel novembre del 2016 \u00e8 stato dato un ulteriore parere, anche questo contrario perch\u00e9 il fondo risultava gonfiato\u201d.<div id=\"videoincontent\" style=\"clear:both\";><\/div><\/p>\n<p style=\"text-align: justify\">Tra l\u2019altro nulla sarebbe stato fatto dal segretario generale del tempo, se non a cavallo delle elezioni amministrative dell\u2019anno scorso. Infatti, il sindaco spiega che l\u2019allora segretario generale inizi\u00f2 a indagare solo nel mese di giugno dello scorso anno e che appena dopo l\u2019elezione di De Luca a sindaco di Messina \u00e8 stata inoltrata una determina con la quale \u00e8 stata notificata la presenza di un errore materiale di ben 700 mila euro: \u201cIl segretario generale del tempo ha indagato soltanto l\u20198 giugno 2018, &#8211; prosegue il primo cittadino &#8211; cio\u00e8 dopo circa 1 anno e mezzo dall\u2019ultimo parere del collegio e pochi giorni prima delle elezioni amministrative, e ha cercato di mettere una pezza giustificativa ai rilievi fatti dal collegio dei revisori. Il 26 giugno 2018, appena un giorno dopo la mia elezione a sindaco di Messina, qualcuno fa una determina e si rende conto di un errore materiale di 700 mila euro, e il fondo pertanto viene rimodulato a 1 milione e 536 mila euro\u201d. In ogni caso l\u2019intervento tampone non \u00e8 stato sufficiente a detta di De Luca, in quanto il fondo continuerebbe a risultare gonfiato per via di mancati tagli che avrebbero dovuto essere realizzati anni prima: \u201cTuttavia, abbiamo scoperto che questo fondo avrebbe dovuto essere ridotto di 688 mila euro nel 2015 per via dei dirigenti andati in pensione, ma non \u00e8 stato toccato. Inoltre, c\u2019erano altre decurtazioni per altri 200 mila euro, che per\u00f2 non sono state fatte. Questo significa che l\u2019attuale fondo di 1 milione e mezzo circa doveva essere in realt\u00e0 di circa 600 mila euro. Complessivamente, dal 2010 ad oggi sono stati erogati almeno 300 mila euro in pi\u00f9 l\u2019anno. Se questo \u00e8 vero, &#8211; conclude De Luca &#8211; faremo una delibera di giunta affinch\u00e9 vengano restituite le somme interessate\u201d.<\/p>\n<p style=\"text-align: right\"><strong>Paolo Mustica<\/strong><\/p>\n","protected":false},"excerpt":{"rendered":"<p>\u201cSono incazzato, perch\u00e9 c\u2019\u00e8 chi sapeva e ha omesso di riferire\u201d. Giallo a Palazzo Zanca, dove qualcuno operante tra le mura dell&#8217;Amministrazione comunale avrebbe omesso al sindaco Cateno De Luca la presenza di un fondo a carico del comune di Messina gonfiato del 150%. Stiamo parlando del Fondo per il salario accessorio dei dirigenti, un [&hellip;]<\/p>\n","protected":false},"author":8,"featured_media":33602,"comment_status":"closed","ping_status":"open","sticky":false,"template":"","format":"standard","meta":{"ub_ctt_via":"","_mi_skip_tracking":false},"categories":[6],"tags":[],"featured_image_src":"https:\/\/www.messinaoggi.it\/website\/wp-content\/uploads\/2019\/06\/AFD36B27-F0CA-4EBE-A807-F9A6BDE81396.jpeg","author_info":{"display_name":"red..me","author_link":"https:\/\/www.messinaoggi.it\/website\/author\/redstage\/"},"digistream_id":0,"digistream":false,"_links":{"self":[{"href":"https:\/\/www.messinaoggi.it\/website\/wp-json\/wp\/v2\/posts\/37717"}],"collection":[{"href":"https:\/\/www.messinaoggi.it\/website\/wp-json\/wp\/v2\/posts"}],"about":[{"href":"https:\/\/www.messinaoggi.it\/website\/wp-json\/wp\/v2\/types\/post"}],"author":[{"embeddable":true,"href":"https:\/\/www.messinaoggi.it\/website\/wp-json\/wp\/v2\/users\/8"}],"replies":[{"embeddable":true,"href":"https:\/\/www.messinaoggi.it\/website\/wp-json\/wp\/v2\/comments?post=37717"}],"version-history":[{"count":0,"href":"https:\/\/www.messinaoggi.it\/website\/wp-json\/wp\/v2\/posts\/37717\/revisions"}],"wp:featuredmedia":[{"embeddable":true,"href":"https:\/\/www.messinaoggi.it\/website\/wp-json\/wp\/v2\/media\/33602"}],"wp:attachment":[{"href":"https:\/\/www.messinaoggi.it\/website\/wp-json\/wp\/v2\/media?parent=37717"}],"wp:term":[{"taxonomy":"category","embeddable":true,"href":"https:\/\/www.messinaoggi.it\/website\/wp-json\/wp\/v2\/categories?post=37717"},{"taxonomy":"post_tag","embeddable":true,"href":"https:\/\/www.messinaoggi.it\/website\/wp-json\/wp\/v2\/tags?post=37717"}],"curies":[{"name":"wp","href":"https:\/\/api.w.org\/{rel}","templated":true}]}}