{"id":37703,"date":"2019-10-17T09:49:53","date_gmt":"2019-10-17T07:49:53","guid":{"rendered":"https:\/\/www.messinaoggi.it\/website\/?p=37703"},"modified":"2019-10-17T09:49:53","modified_gmt":"2019-10-17T07:49:53","slug":"aree-portuali-raffa-m5s-la-de-miceli-conferma-impegno-mit-per-lelettrificazione-delle-aree","status":"publish","type":"post","link":"https:\/\/www.messinaoggi.it\/website\/2019\/10\/17\/aree-portuali-raffa-m5s-la-de-miceli-conferma-impegno-mit-per-lelettrificazione-delle-aree\/","title":{"rendered":"Aree Portuali, Raffa (M5S): &quot;La De Miceli conferma impegno Mit per l&#039;elettrificazione delle aree&quot;"},"content":{"rendered":"<p class=\"p1\" style=\"text-align: justify;\"><span class=\"s1\">&#8220;La ministra dei Trasporti <strong>Paola De Micheli<\/strong>, in audizione davanti alla commissione Trasporti della Camera, ha confermato l\u2019impegno del suo dicastero affinch\u00e9 le autorit\u00e0 portuali si dotino di reti elettriche di terra, in modo da poter ottenere che le grandi navi spengano i motori quando ormeggiano e ricorrano all\u2019elettricit\u00e0 fornita loro da terra.\u00a0 <\/span><span class=\"s1\">Siamo soddisfatti che il Mit abbia accolto la proposta di elettrificare le banchine portuali in modo da ridurre l\u2019enorme impatto ambientale dei natanti, proposta contenuta in una mia interrogazione risalente allo scorso giungo e che gi\u00e0 il ministro dell\u2019epoca Danilo Toninelli aveva sostenuto con convinzione. Ricordo che un recente studio, pubblicato da Transport &amp; Environment, evidenzia come l\u2019inquinamento prodotto dalle navi da crociera in Europa, sia, da solo, superiore a quello prodotto da tutti i veicoli circolanti su strada e che l\u2019Italia risulta infatti tra i paesi pi\u00f9 esposti, insieme alla Spagna, tanto che tra le 50 citt\u00e0 portuali pi\u00f9 inquinate ben 10 sono italiane: Venezia, Civitavecchia, Napoli, Genova, La Spezia, Savona, Cagliari, Palermo, Messina e Bari. Gi\u00e0 l\u2019autorit\u00e0 portuale di Messina, cui ho avuto modo di illustrare questa proposta nello stesso mese di giugno scorso, ha avviato una prima ricognizione per procedere il tal senso.<\/span><div id=\"div-gpt-ad-Messinaoggi.it-DSK-300x250-corpoart\" style=\"text-align:center;margin:0 auto;\"><\/div><\/p>\n<p class=\"p1\" style=\"text-align: justify;\"><span class=\"s1\">Il passo successivo sar\u00e0 un\u2019intervento normativo, proposta di legge od emendamento, per obbligare le grandi navi in porto a spegnere i motori e rifornirsi dalla rete elettrica di terra, laddove presente. Questo permette il duplice vantaggio di ridurre l\u2019inquinamento ed aumentare i nostri ricavi, con la vendita di energia elettrica. \u201d.\u00a0 Lo afferma la portavoce del Movimento 5 Stelle in commissione Trasporti alla Camera, <strong>Angela Raffa<\/strong>.<\/span><div id=\"videoincontent\" style=\"clear:both\";><\/div><\/p>\n","protected":false},"excerpt":{"rendered":"<p>&#8220;La ministra dei Trasporti Paola De Micheli, in audizione davanti alla commissione Trasporti della Camera, ha confermato l\u2019impegno del suo dicastero affinch\u00e9 le autorit\u00e0 portuali si dotino di reti elettriche di terra, in modo da poter ottenere che le grandi navi spengano i motori quando ormeggiano e ricorrano all\u2019elettricit\u00e0 fornita loro da terra.\u00a0 Siamo soddisfatti [&hellip;]<\/p>\n","protected":false},"author":2,"featured_media":28964,"comment_status":"closed","ping_status":"open","sticky":false,"template":"","format":"standard","meta":{"ub_ctt_via":"","_mi_skip_tracking":false},"categories":[4],"tags":[],"featured_image_src":"https:\/\/www.messinaoggi.it\/website\/wp-content\/uploads\/2019\/01\/Raffa-4-copia.jpg","author_info":{"display_name":"Redazione","author_link":"https:\/\/www.messinaoggi.it\/website\/author\/redazione\/"},"digistream_id":0,"digistream":false,"_links":{"self":[{"href":"https:\/\/www.messinaoggi.it\/website\/wp-json\/wp\/v2\/posts\/37703"}],"collection":[{"href":"https:\/\/www.messinaoggi.it\/website\/wp-json\/wp\/v2\/posts"}],"about":[{"href":"https:\/\/www.messinaoggi.it\/website\/wp-json\/wp\/v2\/types\/post"}],"author":[{"embeddable":true,"href":"https:\/\/www.messinaoggi.it\/website\/wp-json\/wp\/v2\/users\/2"}],"replies":[{"embeddable":true,"href":"https:\/\/www.messinaoggi.it\/website\/wp-json\/wp\/v2\/comments?post=37703"}],"version-history":[{"count":0,"href":"https:\/\/www.messinaoggi.it\/website\/wp-json\/wp\/v2\/posts\/37703\/revisions"}],"wp:featuredmedia":[{"embeddable":true,"href":"https:\/\/www.messinaoggi.it\/website\/wp-json\/wp\/v2\/media\/28964"}],"wp:attachment":[{"href":"https:\/\/www.messinaoggi.it\/website\/wp-json\/wp\/v2\/media?parent=37703"}],"wp:term":[{"taxonomy":"category","embeddable":true,"href":"https:\/\/www.messinaoggi.it\/website\/wp-json\/wp\/v2\/categories?post=37703"},{"taxonomy":"post_tag","embeddable":true,"href":"https:\/\/www.messinaoggi.it\/website\/wp-json\/wp\/v2\/tags?post=37703"}],"curies":[{"name":"wp","href":"https:\/\/api.w.org\/{rel}","templated":true}]}}