{"id":37680,"date":"2019-10-16T10:48:47","date_gmt":"2019-10-16T08:48:47","guid":{"rendered":"https:\/\/www.messinaoggi.it\/website\/?p=37680"},"modified":"2019-10-16T10:48:47","modified_gmt":"2019-10-16T08:48:47","slug":"amam-da-meta-novembre-il-distacco-o-la-riduzione-del-servizio-per-i-morosi","status":"publish","type":"post","link":"https:\/\/www.messinaoggi.it\/website\/2019\/10\/16\/amam-da-meta-novembre-il-distacco-o-la-riduzione-del-servizio-per-i-morosi\/","title":{"rendered":"Amam, da met\u00e0 novembre il distacco o la riduzione del servizio per i morosi"},"content":{"rendered":"<p style=\"text-align: justify\">Stop alla fornitura d\u2019acqua per i morosi. Entro la fine dell\u2019anno infatti tutti coloro i quali sono indebitati con Amam subiranno una riduzione, se non addirittura il distacco, del servizio idrico. Nell&#8217;ambito di un apposito tavolo tecnico che si \u00e8 tenuto ieri a Palazzo Zanca, \u00e8 stato stilato l\u2019elenco dei morosi dell\u2019Azienda meridionale acque di Messina, nei confronti dei quali si \u00e8 deciso di ridurre la fornitura d&#8217;acqua nel caso delle utenze domestiche (famiglie e condomini) e di interromperla nel caso degli enti privati e pubblici, a meno che questi non decidano di regolarizzare la propria posizione. Stiamo parlando di un esercito di oltre 20 mila persone o societ\u00e0 che nel corso degli ultimi anni non hanno pagato le utenze e che adesso rischiano di rimanere a secco d\u2019acqua se non provvedono a mettersi in contatto con l\u2019ufficio tributi per stilare un apposito piano di pagamento delle somme interessate.<div id=\"div-gpt-ad-Messinaoggi.it-DSK-300x250-corpoart\" style=\"text-align:center;margin:0 auto;\"><\/div><\/p>\n<p style=\"text-align: justify\">A tal proposito il sindaco Cateno De Luca avverte che se non verranno pagate le utenze non soltanto bisogner\u00e0 pagare delle sanzioni pi\u00f9 elevate, ma bisogner\u00e0 altres\u00ec attendere un lungo periodo di tempo prima che avvenga il riallaccio al servizio una volta effettuato il distacco: \u201cDefinito l\u2019elenco di oltre 20 mila morosi che subiranno il distacco o la riduzione dell\u2019acqua entro Natale. &#8211; spiega il primo cittadino &#8211; Vi consiglio di regolarizzare la vostra posizione immediatamente perch\u00e9 vi coster\u00e0 meno e non rimarrete senza acqua per lungo tempo\u201d. In particolare, a partire da met\u00e0 novembre una cinquantina di squadre formate da operatori Amam dovr\u00e0 garantire almeno 500 riduzioni o distacchi al giorno.<div id=\"videoincontent\" style=\"clear:both\";><\/div><\/p>\n<p style=\"text-align: justify\">Si tratta di un elenco abbastanza eterogeneo, al cui interno sono presenti sia piccoli che grandi debitori. Ed \u00e8 proprio su quest&#8217;ultimo fronte che il sindaco Cateno De Luca si mostra parecchio amareggiato, in quanto in questo caso, diversamente da quanto potrebbe avvenire per le utenze domestiche, non abbiamo a che fare con soggetti che versano in uno stato di indigenza, anzi: &#8220;Leggere certi nomi tra i morosi fa veramente rabbia perch\u00e9 i grandi e blasonati morosi di professione con evidenti coperture in Amam nulla c\u2019entrano con lo stato di indigenza&#8221;, afferma De Luca. Curioso il fatto che il debitore pi\u00f9 consistente di Amam sia proprio un\u2019altra partecipata, e in particolare Atm, sulla quale pende un debito di oltre un milione di euro risalente agli ultimi cinque anni.<\/p>\n","protected":false},"excerpt":{"rendered":"<p>Stop alla fornitura d\u2019acqua per i morosi. Entro la fine dell\u2019anno infatti tutti coloro i quali sono indebitati con Amam subiranno una riduzione, se non addirittura il distacco, del servizio idrico. Nell&#8217;ambito di un apposito tavolo tecnico che si \u00e8 tenuto ieri a Palazzo Zanca, \u00e8 stato stilato l\u2019elenco dei morosi dell\u2019Azienda meridionale acque di [&hellip;]<\/p>\n","protected":false},"author":10,"featured_media":37681,"comment_status":"closed","ping_status":"open","sticky":false,"template":"","format":"standard","meta":{"ub_ctt_via":"","_mi_skip_tracking":false},"categories":[6],"tags":[],"featured_image_src":"https:\/\/www.messinaoggi.it\/website\/wp-content\/uploads\/2019\/10\/tavolo-su-debiti-amam.jpg","author_info":{"display_name":"Paolo Mustica","author_link":"https:\/\/www.messinaoggi.it\/website\/author\/p-mustica\/"},"digistream_id":0,"digistream":false,"_links":{"self":[{"href":"https:\/\/www.messinaoggi.it\/website\/wp-json\/wp\/v2\/posts\/37680"}],"collection":[{"href":"https:\/\/www.messinaoggi.it\/website\/wp-json\/wp\/v2\/posts"}],"about":[{"href":"https:\/\/www.messinaoggi.it\/website\/wp-json\/wp\/v2\/types\/post"}],"author":[{"embeddable":true,"href":"https:\/\/www.messinaoggi.it\/website\/wp-json\/wp\/v2\/users\/10"}],"replies":[{"embeddable":true,"href":"https:\/\/www.messinaoggi.it\/website\/wp-json\/wp\/v2\/comments?post=37680"}],"version-history":[{"count":0,"href":"https:\/\/www.messinaoggi.it\/website\/wp-json\/wp\/v2\/posts\/37680\/revisions"}],"wp:featuredmedia":[{"embeddable":true,"href":"https:\/\/www.messinaoggi.it\/website\/wp-json\/wp\/v2\/media\/37681"}],"wp:attachment":[{"href":"https:\/\/www.messinaoggi.it\/website\/wp-json\/wp\/v2\/media?parent=37680"}],"wp:term":[{"taxonomy":"category","embeddable":true,"href":"https:\/\/www.messinaoggi.it\/website\/wp-json\/wp\/v2\/categories?post=37680"},{"taxonomy":"post_tag","embeddable":true,"href":"https:\/\/www.messinaoggi.it\/website\/wp-json\/wp\/v2\/tags?post=37680"}],"curies":[{"name":"wp","href":"https:\/\/api.w.org\/{rel}","templated":true}]}}