{"id":37674,"date":"2019-10-16T09:28:27","date_gmt":"2019-10-16T07:28:27","guid":{"rendered":"https:\/\/www.messinaoggi.it\/website\/?p=37674"},"modified":"2019-10-16T09:28:27","modified_gmt":"2019-10-16T07:28:27","slug":"pannelli-pubblicitari-pericolanti-laimo-accende-i-riflettori","status":"publish","type":"post","link":"https:\/\/www.messinaoggi.it\/website\/2019\/10\/16\/pannelli-pubblicitari-pericolanti-laimo-accende-i-riflettori\/","title":{"rendered":"Pannelli pubblicitari pericolanti, Laimo accende i riflettori"},"content":{"rendered":"<p style=\"text-align: justify;\">I cartelloni pubblicitari pericolanti al centro del dibattito politico nel corso de<span class=\"s1\">lla seduta della IV Commissione consiliare di ieri 14 Ottobre, Ambiente e Territorio della V Circoscrizione,\u00a0 presieduta e coordinata dal consigliere Franco Laimo: si \u00e8 parlato proprio di affissione pubblica e dei pannelli privati ma su suolo pubblico ormai dismessi e\/o obsoleti.<\/span><div id=\"div-gpt-ad-Messinaoggi.it-DSK-300x250-corpoart\" style=\"text-align:center;margin:0 auto;\"><\/div><\/p>\n<p class=\"p1\" style=\"text-align: justify;\"><span class=\"s1\">A comunicarlo in una nota proprio il Cons. Laimo, che evidenzia come sul territorio del 5 quartiere (ma in tutta la citt\u00e0 se ne contano circa 66 di dimensioni 6&#215;3) siano tanti quei pannelli che ormai risulterebbero dismessi diversi dei quali appartenenti precedentemente alla Fam. Pallio relativamente alle societ\u00e0 SIPA ed SP ormai non pi\u00f9 operanti sul mercato, che potrebbero per\u00f2 essere riacquisiti da altre ditte o dallo stesso Comune di Messina al fine di acquisire nuovi introiti; difatti con l&#8217;assenza degli attacchini comunali le stesse casse comunali stanno rischiando di perdere circa il 40\/50% di introiti, e trattasi di introiti certi, poiche pochi fra i servizi che si pagano anticipatamente da parte del privato cittadino.\u00a0<\/span><div id=\"videoincontent\" style=\"clear:both\";><\/div><\/p>\n<p class=\"p1\" style=\"text-align: justify;\"><span class=\"s1\">Secondo il Consigliere Laimo, si potrebbe avviare una gara d&#8217;appalto di &#8220;affissione, manutenzione e smaltimento&#8221;, per esempio dando in gestione per 6 \/ 12 mesi il servizio di pubblica affissione ad una ditta privata, ma affiancando al tempo stesso dei nuovi attacchini comunali (da formare sul campo), poich\u00e9 non risulterebbe poi cos\u00ec semplice lavorare ad un&#8217;altezza sostanziale nell&#8217;affissione stessa dei cosiddetti 6&#215;3, ovvero i cartelloni pi\u00f9 grandi (fatti da pi\u00f9 fogli pubblicitari che bisogna allineare perfettamente), il tutto naturalmente seconde le norme di legge previste dal Decreto Legislativo 507 del 15 Novembre 1993.<\/span><\/p>\n<p class=\"p1\" style=\"text-align: justify;\"><span class=\"s1\">In tal modo conclude Laimo, si avrebbe un duplice vantaggio: maggior decoro nelle strade e maggiori guadagni per il comune di Messina e finalmente la possibilit\u00e0 inoltre di avere degli attacchini comunali formati sul proprio mestiere.<\/span><\/p>\n","protected":false},"excerpt":{"rendered":"<p>I cartelloni pubblicitari pericolanti al centro del dibattito politico nel corso della seduta della IV Commissione consiliare di ieri 14 Ottobre, Ambiente e Territorio della V Circoscrizione,\u00a0 presieduta e coordinata dal consigliere Franco Laimo: si \u00e8 parlato proprio di affissione pubblica e dei pannelli privati ma su suolo pubblico ormai dismessi e\/o obsoleti. A comunicarlo [&hellip;]<\/p>\n","protected":false},"author":2,"featured_media":37675,"comment_status":"closed","ping_status":"open","sticky":false,"template":"","format":"standard","meta":{"ub_ctt_via":"","_mi_skip_tracking":false},"categories":[6],"tags":[],"featured_image_src":"https:\/\/www.messinaoggi.it\/website\/wp-content\/uploads\/2019\/10\/20190802_105321.jpg","author_info":{"display_name":"Redazione","author_link":"https:\/\/www.messinaoggi.it\/website\/author\/redazione\/"},"digistream_id":0,"digistream":false,"_links":{"self":[{"href":"https:\/\/www.messinaoggi.it\/website\/wp-json\/wp\/v2\/posts\/37674"}],"collection":[{"href":"https:\/\/www.messinaoggi.it\/website\/wp-json\/wp\/v2\/posts"}],"about":[{"href":"https:\/\/www.messinaoggi.it\/website\/wp-json\/wp\/v2\/types\/post"}],"author":[{"embeddable":true,"href":"https:\/\/www.messinaoggi.it\/website\/wp-json\/wp\/v2\/users\/2"}],"replies":[{"embeddable":true,"href":"https:\/\/www.messinaoggi.it\/website\/wp-json\/wp\/v2\/comments?post=37674"}],"version-history":[{"count":0,"href":"https:\/\/www.messinaoggi.it\/website\/wp-json\/wp\/v2\/posts\/37674\/revisions"}],"wp:featuredmedia":[{"embeddable":true,"href":"https:\/\/www.messinaoggi.it\/website\/wp-json\/wp\/v2\/media\/37675"}],"wp:attachment":[{"href":"https:\/\/www.messinaoggi.it\/website\/wp-json\/wp\/v2\/media?parent=37674"}],"wp:term":[{"taxonomy":"category","embeddable":true,"href":"https:\/\/www.messinaoggi.it\/website\/wp-json\/wp\/v2\/categories?post=37674"},{"taxonomy":"post_tag","embeddable":true,"href":"https:\/\/www.messinaoggi.it\/website\/wp-json\/wp\/v2\/tags?post=37674"}],"curies":[{"name":"wp","href":"https:\/\/api.w.org\/{rel}","templated":true}]}}