{"id":3767,"date":"2017-07-01T10:39:42","date_gmt":"2017-07-01T08:39:42","guid":{"rendered":"http:\/\/www.messinaoggi.it\/website\/?p=3767"},"modified":"2017-07-01T10:39:42","modified_gmt":"2017-07-01T08:39:42","slug":"chiude-la-rassegna-leggere-il-presente-ildefonso-falcones","status":"publish","type":"post","link":"https:\/\/www.messinaoggi.it\/website\/2017\/07\/01\/chiude-la-rassegna-leggere-il-presente-ildefonso-falcones\/","title":{"rendered":"Chiude la Rassegna &quot;Leggere il presente&quot; Ildefonso Falcones"},"content":{"rendered":"<div id=\"BlogContent\" class=\"\" style=\"padding: 10px;margin-top: 10px\">\n<div class=\"\" style=\"text-align: justify\">Per l&#8217;ultimo appuntamento \u00e8 stato allestito proprio il cortile\u00a0del Rettorato.<\/div>\n<div class=\"\" style=\"text-align: justify\">Lo scrittore spagnolo Ildelfonso Falcones, descrivendo il suo ultimo romanzo \u201cGli Eredi della terra\u201d (edito da Longanesi, 2016), ha catapultato i presenti nelle atmosfere magiche della Barcellona medievale\u00a0del Trecento.<\/div>\n<div class=\"\" style=\"text-align: justify\">L\u2019incontro-intervista, \u00e8 stato condotto da Natalia La Rosa, giornalista de \u201cLa Gazzetta del Sud\u201d.<\/div>\n<div class=\"\" style=\"text-align: justify\">\u201cSi \u00e8 trattato \u2013 ha detto lFalcones \u2013 di un periodo importante per la citt\u00e0, al tempo una delle maggiori metropoli\u00a0del Mediterraneo.\u00a0Molto ricca, richiamava a s\u00e9 abitanti da altri luoghi e questo comportava l\u2019unione di usi e costumi diversi. Contemporaneamente, per\u00f2, era anche dura e ingiusta con gli umili, sempre a contatto con schiavit\u00f9 e difficolt\u00e0\u201d.<\/div>\n<div class=\"\" style=\"text-align: justify\">Ricchi di valori e in cerca\u00a0di rivincita, emerge la lotta di un uomo per una vita che non sacrifichi dignit\u00e0 e affetti. Uno straordinario romanzo di lealt\u00e0 e vendetta, amori e sogni, ma soprattutto di fortissime emozioni. Governati dalla voglia di lottare, dalla bont\u00e0 e dal desiderio di giustizia: \u201cSchiavit\u00f9 e ingiustizie, allora, erano parte integrante del contesto sociale ed erano pi\u00f9 semplici da accettare, ma ci\u00f2 non significava arrendevolezza e i personaggi, infatti, non hanno mai perso la speranza di un futuro migliore.\u00a0<span id=\"OBJ_PREFIX_DWT46_com_zimbra_date\" class=\"Object\"><a class=\"matchTooltip\">Oggi<\/a><\/span>\u00a0sappiamo che la schiavit\u00f9 \u00e8 riprovevole, ma ogni tempo ha le sue battaglie ed\u00a0<span id=\"OBJ_PREFIX_DWT47_com_zimbra_date\" class=\"Object\"><a class=\"matchTooltip\">oggi<\/a><\/span>, ad esempio, penso all\u2019abuso sui minori\u201d.<\/div>\n<div class=\"\" style=\"text-align: justify\">\u201cGli eredi della terra \u2013 ha concluso Falcones \u2013 \u00e8 un romanzo storico, fedele alla ricostruzione storica, che rappresenta sempre la regola fondamentale. La finzione o i sentimenti possono essere infiniti, ma sempre nel pieno rispetto della storia\u201d.<\/div>\n<div class=\"\" style=\"text-align: justify\">Con la conclusione della\u00a0Rassegna\u00a0\u201cLeggere il presente\u201d \u00e8 terminato un\u00a0percorso avviato l\u20198 febbraio, con Valerio Massimo Manfredi. A seguire, l\u2019Ateneo ha accolto il Comandante Alfa (fra i fondatori del reparto GIS dei Carabinieri),\u00a0Edoardo Albinati (Premio Strega 2016), Aldo Cazzullo (editorialista del \u201cCorriere della Sera\u201d) e, infine, il romanziere spagnolo.<\/div>\n<div style=\"text-align: right\"><em>Serena Votano<\/em><\/div>\n<\/div>\n<p><img loading=\"lazy\" class=\"alignnone size-medium wp-image-3839\" src=\"http:\/\/www.messinaoggi.it\/website\/wp-content\/uploads\/2017\/07\/gli-eredi-della-terra-202x300.jpg\" alt=\"\" width=\"202\" height=\"300\" \/><div id=\"div-gpt-ad-Messinaoggi.it-DSK-300x250-corpoart\" style=\"text-align:center;margin:0 auto;\"><\/div><\/p>\n<div id=\"videoincontent\" style=\"clear:both\";><\/div>","protected":false},"excerpt":{"rendered":"<p>Per l&#8217;ultimo appuntamento \u00e8 stato allestito proprio il cortile\u00a0del Rettorato. Lo scrittore spagnolo Ildelfonso Falcones, descrivendo il suo ultimo romanzo \u201cGli Eredi della terra\u201d (edito da Longanesi, 2016), ha catapultato i presenti nelle atmosfere magiche della Barcellona medievale\u00a0del Trecento. L\u2019incontro-intervista, \u00e8 stato condotto da Natalia La Rosa, giornalista de \u201cLa Gazzetta del Sud\u201d. \u201cSi \u00e8 [&hellip;]<\/p>\n","protected":false},"author":8,"featured_media":3840,"comment_status":"closed","ping_status":"open","sticky":false,"template":"","format":"standard","meta":{"ub_ctt_via":"","_mi_skip_tracking":false},"categories":[16],"tags":[],"featured_image_src":"https:\/\/www.messinaoggi.it\/website\/wp-content\/uploads\/2017\/07\/ildefonso-falcones-2.jpg","author_info":{"display_name":"red..me","author_link":"https:\/\/www.messinaoggi.it\/website\/author\/redstage\/"},"digistream_id":0,"digistream":false,"_links":{"self":[{"href":"https:\/\/www.messinaoggi.it\/website\/wp-json\/wp\/v2\/posts\/3767"}],"collection":[{"href":"https:\/\/www.messinaoggi.it\/website\/wp-json\/wp\/v2\/posts"}],"about":[{"href":"https:\/\/www.messinaoggi.it\/website\/wp-json\/wp\/v2\/types\/post"}],"author":[{"embeddable":true,"href":"https:\/\/www.messinaoggi.it\/website\/wp-json\/wp\/v2\/users\/8"}],"replies":[{"embeddable":true,"href":"https:\/\/www.messinaoggi.it\/website\/wp-json\/wp\/v2\/comments?post=3767"}],"version-history":[{"count":0,"href":"https:\/\/www.messinaoggi.it\/website\/wp-json\/wp\/v2\/posts\/3767\/revisions"}],"wp:featuredmedia":[{"embeddable":true,"href":"https:\/\/www.messinaoggi.it\/website\/wp-json\/wp\/v2\/media\/3840"}],"wp:attachment":[{"href":"https:\/\/www.messinaoggi.it\/website\/wp-json\/wp\/v2\/media?parent=3767"}],"wp:term":[{"taxonomy":"category","embeddable":true,"href":"https:\/\/www.messinaoggi.it\/website\/wp-json\/wp\/v2\/categories?post=3767"},{"taxonomy":"post_tag","embeddable":true,"href":"https:\/\/www.messinaoggi.it\/website\/wp-json\/wp\/v2\/tags?post=3767"}],"curies":[{"name":"wp","href":"https:\/\/api.w.org\/{rel}","templated":true}]}}