{"id":37644,"date":"2019-10-15T09:07:29","date_gmt":"2019-10-15T07:07:29","guid":{"rendered":"https:\/\/www.messinaoggi.it\/website\/?p=37644"},"modified":"2019-10-15T09:07:29","modified_gmt":"2019-10-15T07:07:29","slug":"viabilita-melita-chiede-il-ripristino-dei-cordoli-in-corso-cavour","status":"publish","type":"post","link":"https:\/\/www.messinaoggi.it\/website\/2019\/10\/15\/viabilita-melita-chiede-il-ripristino-dei-cordoli-in-corso-cavour\/","title":{"rendered":"Viabilit\u00e0, Melita chiede il ripristino dei cordoli in Corso Cavour"},"content":{"rendered":"<p>Ripristinare i cordoli sul Corso Cavour. Lo chiede il consigliere della IV Circoscrizione Francesco Melita, il quale osserva: \u201cUltimamente sui social \u00e8 apparsa un\u2019immagine simpatica che raffigura il Corso Cavour con delle scritte sulla carreggiata divisa in due categorie, la corsia preferenziale per gli \u201cscaltri\u201d che superano in controsenso e la normale corsia per i \u201cbabbi\u201d che invece percorrono a rilento l\u2019arteria. Nelle scorse settimane la 4\u00aa commissione consiliare della IV Circoscrizione ha affrontato il tema producendo una proposta di delibera che \u00e8 stata discussa ed approvata durante la seduta di consiglio del 14 ottobre. La richiesta riportata in delibera prevede la reinstallazione dei cordoli spartitraffico sul Corso Cavour e sulla Via Cesare Battisti (tratto compreso tra la Via T. Cannizzaro e Largo S. Giacomo). Il cordolo ormai scomparso da un po\u2019 di anni serve a delimitare la corsia riservata ai bus ed ai mezzi di soccorso dalla parte di carreggiata dedicata al normale traffico veicolare che in entrambe le vie viene percorso in senso opposto. \u201c<em>Credo che chiunque abbia percorso almeno una volta nella vita la Via Cesare Battisti o il Corso Cavour abbia assistito ai sorpassi scellerati che avvengono lungo la corsia dei mezzi pubblici <\/em>&#8211; dice <strong>Francesco Melita<\/strong>, coordinatore 4\u00aa commissione -.<em> L\u2019assenza dei cordoli ha fatto si che molti abbiano cominciato ad usare la corsia preferenziale come corsia di sorpasso, evidentemente una linea gialla non basta a far comprendere agli automobilisti che \u00e8 vietato transitarvi, con l\u2019aggravante che qui viene percorsa in senso opposto quindi creando situazioni pericolosissime, il tutto per non attendere qualche minuto nel traffico. Purtroppo in questa citt\u00e0 servono dei sistemi che inibiscano le persone a non compiere determinati atti, non bastano le regole, <\/em> <em>\u00e8 arrivato il momento di dire basta a questo mal costume e di ripristinare la sicurezza e la civilt\u00e0.<\/em> I componenti del consiglio presieduto da <strong>Alberto De Luca<\/strong> nell\u2019approfondire la questione hanno sottolineato che il cordolo pu\u00f2 assolvere ad una duplice finalit\u00e0, la prima \u00e8 quella di mettere in sicurezza le corsie preferenziali dalle invasioni selvagge da parte degli automobilisti indisciplinati, la seconda \u00e8 quella di porre fine alla cattiva usanza della doppia e della tripla fila che con il restringimento della carreggiata dovrebbe diventare pi\u00f9 complicata. In commissione si \u00e8 discusso anche riguardo alla pista ciclabile delle due arterie, ritenuta pericolosa dai consiglieri per la vicinanza alla corsia nella quale transitano grossi bus e scarsamente utilizzata proprio perch\u00e9 poco sicura.<br \/>\nIl fotomontaggio \u00e8 stato realizzato da Giacomo Mazzullo.<div id=\"div-gpt-ad-Messinaoggi.it-DSK-300x250-corpoart\" style=\"text-align:center;margin:0 auto;\"><\/div><\/p>\n<div id=\"videoincontent\" style=\"clear:both\";><\/div>","protected":false},"excerpt":{"rendered":"<p>Ripristinare i cordoli sul Corso Cavour. Lo chiede il consigliere della IV Circoscrizione Francesco Melita, il quale osserva: \u201cUltimamente sui social \u00e8 apparsa un\u2019immagine simpatica che raffigura il Corso Cavour con delle scritte sulla carreggiata divisa in due categorie, la corsia preferenziale per gli \u201cscaltri\u201d che superano in controsenso e la normale corsia per i [&hellip;]<\/p>\n","protected":false},"author":2,"featured_media":37645,"comment_status":"closed","ping_status":"open","sticky":false,"template":"","format":"standard","meta":{"ub_ctt_via":"","_mi_skip_tracking":false},"categories":[4],"tags":[],"featured_image_src":"https:\/\/www.messinaoggi.it\/website\/wp-content\/uploads\/2019\/10\/Schermata-2019-09-25-alle-14.43.21.png","author_info":{"display_name":"Redazione","author_link":"https:\/\/www.messinaoggi.it\/website\/author\/redazione\/"},"digistream_id":0,"digistream":false,"_links":{"self":[{"href":"https:\/\/www.messinaoggi.it\/website\/wp-json\/wp\/v2\/posts\/37644"}],"collection":[{"href":"https:\/\/www.messinaoggi.it\/website\/wp-json\/wp\/v2\/posts"}],"about":[{"href":"https:\/\/www.messinaoggi.it\/website\/wp-json\/wp\/v2\/types\/post"}],"author":[{"embeddable":true,"href":"https:\/\/www.messinaoggi.it\/website\/wp-json\/wp\/v2\/users\/2"}],"replies":[{"embeddable":true,"href":"https:\/\/www.messinaoggi.it\/website\/wp-json\/wp\/v2\/comments?post=37644"}],"version-history":[{"count":0,"href":"https:\/\/www.messinaoggi.it\/website\/wp-json\/wp\/v2\/posts\/37644\/revisions"}],"wp:featuredmedia":[{"embeddable":true,"href":"https:\/\/www.messinaoggi.it\/website\/wp-json\/wp\/v2\/media\/37645"}],"wp:attachment":[{"href":"https:\/\/www.messinaoggi.it\/website\/wp-json\/wp\/v2\/media?parent=37644"}],"wp:term":[{"taxonomy":"category","embeddable":true,"href":"https:\/\/www.messinaoggi.it\/website\/wp-json\/wp\/v2\/categories?post=37644"},{"taxonomy":"post_tag","embeddable":true,"href":"https:\/\/www.messinaoggi.it\/website\/wp-json\/wp\/v2\/tags?post=37644"}],"curies":[{"name":"wp","href":"https:\/\/api.w.org\/{rel}","templated":true}]}}