{"id":37643,"date":"2019-10-15T09:03:17","date_gmt":"2019-10-15T07:03:17","guid":{"rendered":"https:\/\/www.messinaoggi.it\/website\/?p=37643"},"modified":"2019-10-15T09:03:17","modified_gmt":"2019-10-15T07:03:17","slug":"punto-nascita-s-agata-militello-la-uil-non-molla-la-presa-costituito-il-comitato-per-la-salvaguardia","status":"publish","type":"post","link":"https:\/\/www.messinaoggi.it\/website\/2019\/10\/15\/punto-nascita-s-agata-militello-la-uil-non-molla-la-presa-costituito-il-comitato-per-la-salvaguardia\/","title":{"rendered":"Punto nascita S. Agata Militello, la Uil non molla la presa: costituito il Comitato per la salvaguardia"},"content":{"rendered":"<p class=\"p1\" style=\"text-align: justify;\"><span class=\"s1\">Promosso dalla UIL e dalla UIL FPL \u00a0si \u00e8 costituito il Comitato \u201cNo alla chiusura del Punto Nascita\u201d di S.Agata Militello.<\/span><div id=\"div-gpt-ad-Messinaoggi.it-DSK-300x250-corpoart\" style=\"text-align:center;margin:0 auto;\"><\/div><\/p>\n<p class=\"p1\" style=\"text-align: justify;\"><span class=\"s1\">Hanno dato l\u2019adesione, oltre a dirigenti sindacali, medici, operatori della sanita, delle professioni, del volontariato e della societ\u00e0 civile.<\/span><div id=\"videoincontent\" style=\"clear:both\";><\/div><\/p>\n<p class=\"p1\" style=\"text-align: justify;\"><span class=\"s1\">Il Comitato vuole rappresentare la sintesi tra tutte le associazioni ed i movimenti che, a seguito delle iniziative del sindacato, si stanno mobilitando contro la chiusura del Punto nascita.<\/span><\/p>\n<p class=\"p1\" style=\"text-align: justify;\"><span class=\"s1\">A coordinare il movimento \u00e8 stato chiamato il dott. Antonio Mario Russo, gi\u00e0 Primario\u00a0 di Ostetricia e Ginecologia.<\/span><\/p>\n<p class=\"p1\" style=\"text-align: justify;\"><span class=\"s1\">Faranno parte i medici dott. Sabatino Carianni, gi\u00e0 Primario di Ortopedia, dott. Giuseppe Maniaci, gi\u00e0 Primario di Chirurgia, dott. Salvatore Pintaldi, medico anestesista, ed il dott. Andrea Speciale, gi\u00e0 Dirigente amministrativo dell\u2019ASP di ME.<\/span><\/p>\n<p class=\"p1\" style=\"text-align: justify;\"><span class=\"s1\">Tra gli esponenti del sindacato Nunzio Musca. Segretario zonale UIL, Paolo Famiano, dirigente UIL FPL, Antonino Calc\u00f2 ed Angelo Cuva, rispettivamente segretari aziendali UIL FPL \u2013 Sanit\u00e0 di S.Agata e Mistretta ed i componenti dell RSU derll\u2019ASP Biagio Indriolo, Alessandro Calanna, Pippo Fazio ed il segretario provinciale del Nursing UP, Biagio Proto.<\/span><\/p>\n<p class=\"p1\" style=\"text-align: justify;\"><span class=\"s1\">Ed ancora, avv. Maurizio Morabito, Presidente del Circolo culturale \u201cD. Alighieri\u201d, avv. Aldo Fresina, gi\u00e0 sindaco di S.Agata Militello, dott.ssa Angela Cappello, gi\u00e0 dirigente dello stesso comune, dott.ssa Basilia Gentile e dott.ssa Anna Maria Sberna, entrambe dirigenti psicologhe dell\u2019ASP, maestro Vincenzo Canonico, gi\u00e0 docente di Conservatorio mus\u00eccale, arch. Rosalia Gentile, dott.ssa Letizia Passarello, giornalista,\u00a0 Carmelo Corica, Presidente onlus \u201cIl Portico di Salomone\u201d, Rosi Caiola, volontaria in sanit\u00e0, Giuseppe Foti, Presidente ACIS, associazione antiracket di commercianti e Claudio Masetta Milone, responsabile AGESCI.<\/span><\/p>\n<p class=\"p1\" style=\"text-align: justify;\"><span class=\"s1\">Nei prossimi giorni sono attese numerose altre adesioni di esponenti del mondo del lavoro e delle professioni, della societ\u00e0 civile e del volontariato.<\/span><\/p>\n","protected":false},"excerpt":{"rendered":"<p>Promosso dalla UIL e dalla UIL FPL \u00a0si \u00e8 costituito il Comitato \u201cNo alla chiusura del Punto Nascita\u201d di S.Agata Militello. Hanno dato l\u2019adesione, oltre a dirigenti sindacali, medici, operatori della sanita, delle professioni, del volontariato e della societ\u00e0 civile. Il Comitato vuole rappresentare la sintesi tra tutte le associazioni ed i movimenti che, a [&hellip;]<\/p>\n","protected":false},"author":2,"featured_media":37525,"comment_status":"closed","ping_status":"open","sticky":false,"template":"","format":"standard","meta":{"ub_ctt_via":"","_mi_skip_tracking":false},"categories":[6],"tags":[],"featured_image_src":"https:\/\/www.messinaoggi.it\/website\/wp-content\/uploads\/2019\/10\/79E93CC9-D6FC-4DA5-B0B7-B29939DBBBD7.jpeg","author_info":{"display_name":"Redazione","author_link":"https:\/\/www.messinaoggi.it\/website\/author\/redazione\/"},"digistream_id":0,"digistream":false,"_links":{"self":[{"href":"https:\/\/www.messinaoggi.it\/website\/wp-json\/wp\/v2\/posts\/37643"}],"collection":[{"href":"https:\/\/www.messinaoggi.it\/website\/wp-json\/wp\/v2\/posts"}],"about":[{"href":"https:\/\/www.messinaoggi.it\/website\/wp-json\/wp\/v2\/types\/post"}],"author":[{"embeddable":true,"href":"https:\/\/www.messinaoggi.it\/website\/wp-json\/wp\/v2\/users\/2"}],"replies":[{"embeddable":true,"href":"https:\/\/www.messinaoggi.it\/website\/wp-json\/wp\/v2\/comments?post=37643"}],"version-history":[{"count":0,"href":"https:\/\/www.messinaoggi.it\/website\/wp-json\/wp\/v2\/posts\/37643\/revisions"}],"wp:featuredmedia":[{"embeddable":true,"href":"https:\/\/www.messinaoggi.it\/website\/wp-json\/wp\/v2\/media\/37525"}],"wp:attachment":[{"href":"https:\/\/www.messinaoggi.it\/website\/wp-json\/wp\/v2\/media?parent=37643"}],"wp:term":[{"taxonomy":"category","embeddable":true,"href":"https:\/\/www.messinaoggi.it\/website\/wp-json\/wp\/v2\/categories?post=37643"},{"taxonomy":"post_tag","embeddable":true,"href":"https:\/\/www.messinaoggi.it\/website\/wp-json\/wp\/v2\/tags?post=37643"}],"curies":[{"name":"wp","href":"https:\/\/api.w.org\/{rel}","templated":true}]}}