{"id":37590,"date":"2019-10-12T10:39:43","date_gmt":"2019-10-12T08:39:43","guid":{"rendered":"https:\/\/www.messinaoggi.it\/website\/?p=37590"},"modified":"2019-10-12T10:39:43","modified_gmt":"2019-10-12T08:39:43","slug":"punto-nascita-s-agata-la-uil-chiede-la-rimozione-di-la-paglia-dopo-la-nomina-del-commissario","status":"publish","type":"post","link":"https:\/\/www.messinaoggi.it\/website\/2019\/10\/12\/punto-nascita-s-agata-la-uil-chiede-la-rimozione-di-la-paglia-dopo-la-nomina-del-commissario\/","title":{"rendered":"Punto nascita S. Agata, la Uil chiede la rimozione di La Paglia dopo la nomina del commissario"},"content":{"rendered":"<p class=\"p1\" style=\"text-align: justify;\"><span class=\"s1\">\u201c<i>La notizia dell\u2019invio di un commissario ad acta all\u2019ospedale di Sant\u2019Agata Militello se da un lato ci soddisfa, dall\u2019altro ci preoccupa. L\u2019assessore regionale alla Salute, Ruggero Razza, ha colto immediatamente il nostro grido di dolore per l\u2019annunciata chiusura del Punto nascita dell\u2019ospedale di Sant\u2019Agata Militello, \u00a0questo ci rallegra, ma allo stesso tempo ci preoccupa perch\u00e9 \u00e8 ormai acclarata l\u2019inadeguatezza del direttore generale Paolo La Paglia, il quale a questo punto, essendo venuta meno la fiducia da parte dell\u2019assessore Razza, andrebbe immediatamente rimosso<\/i>\u201d.<\/span><div id=\"div-gpt-ad-Messinaoggi.it-DSK-300x250-corpoart\" style=\"text-align:center;margin:0 auto;\"><\/div><\/p>\n<p class=\"p1\" style=\"text-align: justify;\"><span class=\"s1\">Lo affermano congiuntamente in una nota per la stampa <b>Ivan Tripodi<\/b>, <b>Pippo Calapai<\/b> e <b>Mario Salvatore Macr\u00ec<\/b>, rispettivamente segretario generale della Uil Messina, segretario provinciale e responsabile provinciale area medica della Uil-Fpl.<\/span><div id=\"videoincontent\" style=\"clear:both\";><\/div><\/p>\n<p class=\"p1\" style=\"text-align: justify;\"><span class=\"s1\">I sindacalisti poi aggiungono: \u201c<i>In decenni di attivit\u00e0 sindacale non ci eravamo mai imbattuti nell\u2019invio di un commissario ad acta mettendo all\u2019angolo l\u2019attuale direttore generale. E\u2019 evidente che l\u2019assessore Razza abbia compreso la gravit\u00e0 delle conseguenze derivanti dalla possibile chiusura del Punto nascita di Sant\u2019Agata Militello, che copre un bacino ampio considerato l\u2019aspetto orografico del territorio nebroideo. L\u2019invio del commissario vogliamo sperare preceda la mancata chiusura del reparto che, a questo punto, qualcuno aveva deciso di chiudere all\u2019insaputa dello stesso assessore regionale, dal momento che non vi sono ragioni per le quali il Punto nascita dovesse essere chiuso, considerata la posizione strategica nel contesto di un territorio vasto. Di questo dovr\u00e0 rispondere anche il direttore sanitario di Presidio ospedaliero, la dott. ssa Paolina Reitano, la quale ha dato il via libera alla sospensione dei ricoveri. Nonostante l\u2019intervento dell\u2019assessore regionale, la nostra attivit\u00e0 per la salvaguardia del Punto nascita non si ferma, fino a quando non vi sar\u00e0 la certezza assoluta che la vicenda si concluda positivamente. A tal proposito annunciamo che \u00e8 stata richiesta la convocazione urgente alla VI Commissione regionale Sanit\u00e0, mentre a breve sar\u00e0 presentato ufficialmente il comitato civico a tutela del Punto nascita dell\u2019ospedale di Sant\u2019Agata Militello<\/i>\u201d.<\/span><\/p>\n","protected":false},"excerpt":{"rendered":"<p>\u201cLa notizia dell\u2019invio di un commissario ad acta all\u2019ospedale di Sant\u2019Agata Militello se da un lato ci soddisfa, dall\u2019altro ci preoccupa. L\u2019assessore regionale alla Salute, Ruggero Razza, ha colto immediatamente il nostro grido di dolore per l\u2019annunciata chiusura del Punto nascita dell\u2019ospedale di Sant\u2019Agata Militello, \u00a0questo ci rallegra, ma allo stesso tempo ci preoccupa perch\u00e9 [&hellip;]<\/p>\n","protected":false},"author":2,"featured_media":37525,"comment_status":"closed","ping_status":"open","sticky":false,"template":"","format":"standard","meta":{"ub_ctt_via":"","_mi_skip_tracking":false},"categories":[6],"tags":[],"featured_image_src":"https:\/\/www.messinaoggi.it\/website\/wp-content\/uploads\/2019\/10\/79E93CC9-D6FC-4DA5-B0B7-B29939DBBBD7.jpeg","author_info":{"display_name":"Redazione","author_link":"https:\/\/www.messinaoggi.it\/website\/author\/redazione\/"},"digistream_id":0,"digistream":false,"_links":{"self":[{"href":"https:\/\/www.messinaoggi.it\/website\/wp-json\/wp\/v2\/posts\/37590"}],"collection":[{"href":"https:\/\/www.messinaoggi.it\/website\/wp-json\/wp\/v2\/posts"}],"about":[{"href":"https:\/\/www.messinaoggi.it\/website\/wp-json\/wp\/v2\/types\/post"}],"author":[{"embeddable":true,"href":"https:\/\/www.messinaoggi.it\/website\/wp-json\/wp\/v2\/users\/2"}],"replies":[{"embeddable":true,"href":"https:\/\/www.messinaoggi.it\/website\/wp-json\/wp\/v2\/comments?post=37590"}],"version-history":[{"count":0,"href":"https:\/\/www.messinaoggi.it\/website\/wp-json\/wp\/v2\/posts\/37590\/revisions"}],"wp:featuredmedia":[{"embeddable":true,"href":"https:\/\/www.messinaoggi.it\/website\/wp-json\/wp\/v2\/media\/37525"}],"wp:attachment":[{"href":"https:\/\/www.messinaoggi.it\/website\/wp-json\/wp\/v2\/media?parent=37590"}],"wp:term":[{"taxonomy":"category","embeddable":true,"href":"https:\/\/www.messinaoggi.it\/website\/wp-json\/wp\/v2\/categories?post=37590"},{"taxonomy":"post_tag","embeddable":true,"href":"https:\/\/www.messinaoggi.it\/website\/wp-json\/wp\/v2\/tags?post=37590"}],"curies":[{"name":"wp","href":"https:\/\/api.w.org\/{rel}","templated":true}]}}