{"id":37587,"date":"2019-10-12T10:28:46","date_gmt":"2019-10-12T08:28:46","guid":{"rendered":"https:\/\/www.messinaoggi.it\/website\/?p=37587"},"modified":"2019-10-12T10:28:46","modified_gmt":"2019-10-12T08:28:46","slug":"anziano-colto-da-malore-muore-per-strada-in-via-del-vespro","status":"publish","type":"post","link":"https:\/\/www.messinaoggi.it\/website\/2019\/10\/12\/anziano-colto-da-malore-muore-per-strada-in-via-del-vespro\/","title":{"rendered":"Anziano colto da malore muore per strada in via del Vespro"},"content":{"rendered":"<p>Un uomo di 82 anni (G.D. le iniziali), \u00e8 morto questa mattina in via del Vespro con molto probabilit\u00e0 a causa di un infarto fulminante. L&#8217;uomo si trovava alla guida della sua automobile quando si \u00e8 sentito male.<br \/>\nNonostante i tempestivi soccorsi da parte di personale medico del vicino Asp e del personale del 118, per l&#8217;uomo non c&#8217;\u00e8 stato nulla da fare.<br \/>\nAlla base del decesso vi sarebbe stato un infarto fulminante che ha colto l&#8217;anziano mentre si trovava sulla sua automobile. L&#8217;anziano ha avuto il tempo di accostare e chiedere aiuto ai passanti.<br \/>\nSul posto sono intervenuti anche i carabinieri del Radiomobile per le indagini di rito. La salma \u00e8 stata restituita ai familiari su disposizione della magistratura inquirente.<div id=\"div-gpt-ad-Messinaoggi.it-DSK-300x250-corpoart\" style=\"text-align:center;margin:0 auto;\"><\/div><\/p>\n<div id=\"videoincontent\" style=\"clear:both\";><\/div>","protected":false},"excerpt":{"rendered":"<p>Un uomo di 82 anni (G.D. le iniziali), \u00e8 morto questa mattina in via del Vespro con molto probabilit\u00e0 a causa di un infarto fulminante. L&#8217;uomo si trovava alla guida della sua automobile quando si \u00e8 sentito male. Nonostante i tempestivi soccorsi da parte di personale medico del vicino Asp e del personale del 118, [&hellip;]<\/p>\n","protected":false},"author":2,"featured_media":37586,"comment_status":"closed","ping_status":"open","sticky":false,"template":"","format":"standard","meta":{"ub_ctt_via":"","_mi_skip_tracking":false},"categories":[6],"tags":[],"featured_image_src":"https:\/\/www.messinaoggi.it\/website\/wp-content\/uploads\/2019\/10\/B7E51883-C87D-449E-8217-48F958DFE077.jpeg","author_info":{"display_name":"Redazione","author_link":"https:\/\/www.messinaoggi.it\/website\/author\/redazione\/"},"digistream_id":0,"digistream":false,"_links":{"self":[{"href":"https:\/\/www.messinaoggi.it\/website\/wp-json\/wp\/v2\/posts\/37587"}],"collection":[{"href":"https:\/\/www.messinaoggi.it\/website\/wp-json\/wp\/v2\/posts"}],"about":[{"href":"https:\/\/www.messinaoggi.it\/website\/wp-json\/wp\/v2\/types\/post"}],"author":[{"embeddable":true,"href":"https:\/\/www.messinaoggi.it\/website\/wp-json\/wp\/v2\/users\/2"}],"replies":[{"embeddable":true,"href":"https:\/\/www.messinaoggi.it\/website\/wp-json\/wp\/v2\/comments?post=37587"}],"version-history":[{"count":0,"href":"https:\/\/www.messinaoggi.it\/website\/wp-json\/wp\/v2\/posts\/37587\/revisions"}],"wp:featuredmedia":[{"embeddable":true,"href":"https:\/\/www.messinaoggi.it\/website\/wp-json\/wp\/v2\/media\/37586"}],"wp:attachment":[{"href":"https:\/\/www.messinaoggi.it\/website\/wp-json\/wp\/v2\/media?parent=37587"}],"wp:term":[{"taxonomy":"category","embeddable":true,"href":"https:\/\/www.messinaoggi.it\/website\/wp-json\/wp\/v2\/categories?post=37587"},{"taxonomy":"post_tag","embeddable":true,"href":"https:\/\/www.messinaoggi.it\/website\/wp-json\/wp\/v2\/tags?post=37587"}],"curies":[{"name":"wp","href":"https:\/\/api.w.org\/{rel}","templated":true}]}}