{"id":37581,"date":"2019-10-12T10:16:36","date_gmt":"2019-10-12T08:16:36","guid":{"rendered":"https:\/\/www.messinaoggi.it\/website\/?p=37581"},"modified":"2019-10-12T10:16:36","modified_gmt":"2019-10-12T08:16:36","slug":"punto-nascita-s-agata-militello-lassessore-razza-corre-ai-ripari-e-nomina-un-commissario","status":"publish","type":"post","link":"https:\/\/www.messinaoggi.it\/website\/2019\/10\/12\/punto-nascita-s-agata-militello-lassessore-razza-corre-ai-ripari-e-nomina-un-commissario\/","title":{"rendered":"Punto nascita S. Agata Militello, l&#039;assessore Razza corre ai ripari e nomina un commissario"},"content":{"rendered":"<p class=\"p1\"><span class=\"s1\">Angelo Pellican\u00f2 \u00e8 il nuovo commissario ad acta del presidio ospedaliero di Sant\u2019Agata di Militello, in provincia di Messina. Lo ha nominato l\u2019assessore regionale alla Salute, Ruggero Razza, con un proprio decreto per lavorare a stretto contatto con i vertici dell\u2019Asp di Messina. <\/span><div id=\"div-gpt-ad-Messinaoggi.it-DSK-300x250-corpoart\" style=\"text-align:center;margin:0 auto;\"><\/div><\/p>\n<p class=\"p1\"><span class=\"s1\">\u201cAbbiamo voluto affiancare alla direzione dell\u2019Azienda sanitaria provinciale di Messina, alla quale confermiamo fiducia e apprezzamento, una figura dedicata che dovr\u00e0 provvedere al superamento di gap che si registrano a Sant\u2019Agata di Militello\u201d, dice l\u2019assessore Ruggero Razza.<\/span><div id=\"videoincontent\" style=\"clear:both\";><\/div><\/p>\n<p class=\"p1\"><span class=\"s1\">\u201cSi tratta di una misura \u2013 prosegue il titolare dell\u2019assessorato regionale alla Salute \u2013 che dimostra la grande attenzione che il governo Musumeci riserva al territorio dei Nebrodi che merita ogni iniziativa utile al proprio sviluppo\u201d.<\/span><\/p>\n<p class=\"p1\"><span class=\"s1\">Il neo commissario affiancher\u00e0 il direttore generale \u201cper superare le gravi criticit\u00e0 organizzative e strutturali che in relazione all\u2019evento parto non garantiscono, n\u00e9 per le partorienti n\u00e9 per i nascituri, il mantenimento degli standard fissati dalla normativa di settore\u201d. <\/span><\/p>\n<p class=\"p1\"><span class=\"s1\">Il commissario ad acta, in accordo con la direzione strategica dell\u2019Asp di Messina, avr\u00e0 infatti il compito di \u201cvalutare tutte le iniziative da assumere in relazione all\u2019avvio e all\u2019ultimazione dei lavori di ristrutturazione, adeguamento e messa in sicurezza del Punto nascita di Sant\u2019Agata di Militello\u201d.<\/span><\/p>\n<p class=\"p1\"><span class=\"s1\">Infine spetter\u00e0 al neo commissario attuare \u2018tutte le direttive assessoriali in materia di interventi infrastrutturali eventualmente rimasti ineseguite presso il medesimo Presidio Ospedaliero\u201d. <\/span><\/p>\n<p class=\"p1\"><span class=\"s1\">L\u2019incarico conferito ad Angelo Pellican\u00f2, gi\u00e0 manager di altre importanti Aziende ospedaliere, \u00e8 a titolo gratuito.<\/span><\/p>\n","protected":false},"excerpt":{"rendered":"<p>Angelo Pellican\u00f2 \u00e8 il nuovo commissario ad acta del presidio ospedaliero di Sant\u2019Agata di Militello, in provincia di Messina. Lo ha nominato l\u2019assessore regionale alla Salute, Ruggero Razza, con un proprio decreto per lavorare a stretto contatto con i vertici dell\u2019Asp di Messina. \u201cAbbiamo voluto affiancare alla direzione dell\u2019Azienda sanitaria provinciale di Messina, alla quale [&hellip;]<\/p>\n","protected":false},"author":2,"featured_media":21994,"comment_status":"closed","ping_status":"open","sticky":false,"template":"","format":"standard","meta":{"ub_ctt_via":"","_mi_skip_tracking":false},"categories":[11],"tags":[],"featured_image_src":"https:\/\/www.messinaoggi.it\/website\/wp-content\/uploads\/2018\/07\/Razza-Ruggero-assessore-salute-con-ingresso-Cutroni-Zodda-800x445-messinaoggiMarcyRuggi-1.jpg","author_info":{"display_name":"Redazione","author_link":"https:\/\/www.messinaoggi.it\/website\/author\/redazione\/"},"digistream_id":0,"digistream":false,"_links":{"self":[{"href":"https:\/\/www.messinaoggi.it\/website\/wp-json\/wp\/v2\/posts\/37581"}],"collection":[{"href":"https:\/\/www.messinaoggi.it\/website\/wp-json\/wp\/v2\/posts"}],"about":[{"href":"https:\/\/www.messinaoggi.it\/website\/wp-json\/wp\/v2\/types\/post"}],"author":[{"embeddable":true,"href":"https:\/\/www.messinaoggi.it\/website\/wp-json\/wp\/v2\/users\/2"}],"replies":[{"embeddable":true,"href":"https:\/\/www.messinaoggi.it\/website\/wp-json\/wp\/v2\/comments?post=37581"}],"version-history":[{"count":0,"href":"https:\/\/www.messinaoggi.it\/website\/wp-json\/wp\/v2\/posts\/37581\/revisions"}],"wp:featuredmedia":[{"embeddable":true,"href":"https:\/\/www.messinaoggi.it\/website\/wp-json\/wp\/v2\/media\/21994"}],"wp:attachment":[{"href":"https:\/\/www.messinaoggi.it\/website\/wp-json\/wp\/v2\/media?parent=37581"}],"wp:term":[{"taxonomy":"category","embeddable":true,"href":"https:\/\/www.messinaoggi.it\/website\/wp-json\/wp\/v2\/categories?post=37581"},{"taxonomy":"post_tag","embeddable":true,"href":"https:\/\/www.messinaoggi.it\/website\/wp-json\/wp\/v2\/tags?post=37581"}],"curies":[{"name":"wp","href":"https:\/\/api.w.org\/{rel}","templated":true}]}}