{"id":37486,"date":"2019-10-09T21:02:06","date_gmt":"2019-10-09T19:02:06","guid":{"rendered":"https:\/\/www.messinaoggi.it\/website\/?p=37486"},"modified":"2019-10-09T21:02:06","modified_gmt":"2019-10-09T19:02:06","slug":"carne-e-lugumi-mal-conservati-commerciante-stangato","status":"publish","type":"post","link":"https:\/\/www.messinaoggi.it\/website\/2019\/10\/09\/carne-e-lugumi-mal-conservati-commerciante-stangato\/","title":{"rendered":"Carne e legumi mal conservati, commerciante stangato"},"content":{"rendered":"<p>Non conoscono soste i controlli sulla filiera ambientale. Un altro commerciante \u00e8 stato stangato dalla polizia municipale intervenuta insieme ai funzionari dell&#8217;Asp di Messina.<br \/>\nNel mirino \u00e8 finito, questa volta, un esercente originario dello Sri Lanka. L&#8217;ispezione si \u00e8 concentrata in un negozio di piazza Lo Sardo.<br \/>\n<img loading=\"lazy\" class=\"alignnone size-medium wp-image-37488\" src=\"https:\/\/www.messinaoggi.it\/website\/wp-content\/uploads\/2019\/10\/IMG-20191009-WA0015-300x225.jpg\" alt=\"\" width=\"300\" height=\"225\" \/><br \/>\nSequestrati 80 chilogrammi di carne mal conservata e\u00a0 senza tracciabilit\u00e0 e farinacei e leguminose per 850 chili in cattivo stato di conservazione ed aggrediti dagli insetti.<br \/>\nI verbali sono stati trasmessi all&#8217;Asp per provvedimenti di chiusura dell&#8217;attivit\u00e0.<br \/>\nL&#8217;extracomunitario \u00e8 stato sanzionato con una multa di 8mila euro.<div id=\"div-gpt-ad-Messinaoggi.it-DSK-300x250-corpoart\" style=\"text-align:center;margin:0 auto;\"><\/div><\/p>\n<div id=\"videoincontent\" style=\"clear:both\";><\/div>","protected":false},"excerpt":{"rendered":"<p>Non conoscono soste i controlli sulla filiera ambientale. Un altro commerciante \u00e8 stato stangato dalla polizia municipale intervenuta insieme ai funzionari dell&#8217;Asp di Messina. Nel mirino \u00e8 finito, questa volta, un esercente originario dello Sri Lanka. L&#8217;ispezione si \u00e8 concentrata in un negozio di piazza Lo Sardo. Sequestrati 80 chilogrammi di carne mal conservata e\u00a0 [&hellip;]<\/p>\n","protected":false},"author":4,"featured_media":37489,"comment_status":"closed","ping_status":"open","sticky":false,"template":"","format":"standard","meta":{"ub_ctt_via":"","_mi_skip_tracking":false},"categories":[6],"tags":[],"featured_image_src":"https:\/\/www.messinaoggi.it\/website\/wp-content\/uploads\/2019\/10\/IMG-20191009-WA0012.jpg","author_info":{"display_name":"redme","author_link":"https:\/\/www.messinaoggi.it\/website\/author\/redme\/"},"digistream_id":0,"digistream":false,"_links":{"self":[{"href":"https:\/\/www.messinaoggi.it\/website\/wp-json\/wp\/v2\/posts\/37486"}],"collection":[{"href":"https:\/\/www.messinaoggi.it\/website\/wp-json\/wp\/v2\/posts"}],"about":[{"href":"https:\/\/www.messinaoggi.it\/website\/wp-json\/wp\/v2\/types\/post"}],"author":[{"embeddable":true,"href":"https:\/\/www.messinaoggi.it\/website\/wp-json\/wp\/v2\/users\/4"}],"replies":[{"embeddable":true,"href":"https:\/\/www.messinaoggi.it\/website\/wp-json\/wp\/v2\/comments?post=37486"}],"version-history":[{"count":0,"href":"https:\/\/www.messinaoggi.it\/website\/wp-json\/wp\/v2\/posts\/37486\/revisions"}],"wp:featuredmedia":[{"embeddable":true,"href":"https:\/\/www.messinaoggi.it\/website\/wp-json\/wp\/v2\/media\/37489"}],"wp:attachment":[{"href":"https:\/\/www.messinaoggi.it\/website\/wp-json\/wp\/v2\/media?parent=37486"}],"wp:term":[{"taxonomy":"category","embeddable":true,"href":"https:\/\/www.messinaoggi.it\/website\/wp-json\/wp\/v2\/categories?post=37486"},{"taxonomy":"post_tag","embeddable":true,"href":"https:\/\/www.messinaoggi.it\/website\/wp-json\/wp\/v2\/tags?post=37486"}],"curies":[{"name":"wp","href":"https:\/\/api.w.org\/{rel}","templated":true}]}}