{"id":37461,"date":"2019-10-09T09:57:43","date_gmt":"2019-10-09T07:57:43","guid":{"rendered":"https:\/\/www.messinaoggi.it\/website\/?p=37461"},"modified":"2019-10-09T09:57:43","modified_gmt":"2019-10-09T07:57:43","slug":"cedu-boccia-lergastolo-ostativo-fratello-borsellino-un-regalo-alla-mafia","status":"publish","type":"post","link":"https:\/\/www.messinaoggi.it\/website\/2019\/10\/09\/cedu-boccia-lergastolo-ostativo-fratello-borsellino-un-regalo-alla-mafia\/","title":{"rendered":"Cedu boccia l&#039;ergastolo ostativo, fratello Borsellino: &quot;Un regalo alla mafia&quot;"},"content":{"rendered":"<p style=\"text-align: justify\">Luned\u00ec scorso la Corte europea dei diritti dell\u2019uomo (che nonostante il nome non ha nulla a che fare con l\u2019Unione Europea) ha respinto il ricorso del governo italiano contro la sentenza che lo scorso giugno, nell&#8217;ambito del caso di Marcello Viola, bocciava il cosiddetto ergastolo ostativo, una pena prevista nel nostro ordinamento che in sintesi prevede il carcere a vita per alcuni criminali, a meno che questi non decidano di collaborare con la giustizia. Si tratta di una misura introdotta negli anni Novanta dall\u2019allora governo italiano come risposta allo stragismo mafioso, che negli anni immediatamente precedenti aveva mietuto innumerevoli vittime, tra le quali le pi\u00f9 note sono i giudici simbolo della lotta alla mafia Giovanni Falcone e Paolo Borsellino. I giudici della corte Edu sono giunti a tale decisione in quanto l&#8217;ergastolo ostativo viola l&#8217;articolo 3 della Convenzione europea dei diritti dell&#8217;uomo, secondo il quale \u201cnessuno pu\u00f2 essere sottoposto a tortura n\u00e9 a pene o trattamenti inumani o degradanti\u201d. La sentenza non \u00e8 vincolante, per\u00f2 \u00e8 chiaro che una decisione di questo tipo aprir\u00e0 la strada ad altri ricorsi da parte di altre persone detenute in regime di ergastolo ostativo.<div id=\"div-gpt-ad-Messinaoggi.it-DSK-300x250-corpoart\" style=\"text-align:center;margin:0 auto;\"><\/div><\/p>\n<p style=\"text-align: justify\">Com\u2019\u00e8 ovvio, si \u00e8 trattata di una sentenza controversa che ha suscitato molteplici polemiche, specie di chi ha visto perdere i propri cari per colpa della mafia. Ad esempio, Salvatore Borsellino, fratello del giudice Paolo, ha dichiarato ai microfoni di Adnkronos che la decisione presa dalla Cedu sia di fatto un regalo alla mafia: \u201cUn regalo che neanche l&#8217;Italia aveva mai fatto alla mafia. Era una richiesta che la mafia aveva fatto col papello ma non era riuscita ad ottenerla, ora ci sono riusciti con l&#8217;Europa\u201d. Insomma, parole durissime quelle espresse.<div id=\"videoincontent\" style=\"clear:both\";><\/div><\/p>\n<p style=\"text-align: justify\">Tra le altre cose il fratello di Borsellino mette in evidenza che i paesi europei, diversamente dall\u2019Italia, non sono attrezzati con leggi avanzate in termini di lotta alle mafie. Infatti, quelle presenti nel nostro paese sono norme introdotte per contrastare una piaga sociale che non era presente altrove, quantomeno non come la conosciamo. Quello dello stragismo mafioso \u00e8 stato infatti un fenomeno pi\u00f9 unico che raro in Europa. Pertanto, non sorprende che il resto degli altri paesi europei abbia una normativa decisamente pi\u00f9 morbida in materia di contrasto alle associazioni mafiose: \u201cFalcone e Borsellino hanno fortemente voluto il carcere a vita per i mafiosi perch\u00e9 conoscevano bene la criminalit\u00e0 organizzata e i suoi meccanismi. &#8211; aggiunge Salvatore Borsellino &#8211; L&#8217;Europa non ha leggi avanzate come quelle italiane su questo tema e legifera su cose che non conosce, su cui non ha abbastanza esperienza. Purtroppo questa era una sentenza attesa e mi darebbe amarezza, se non fosse che in 27 anni ne ho ingoiate tante di amarezze\u201d.<\/p>\n<p style=\"text-align: right\"><strong>Paolo Mustica<\/strong><\/p>\n","protected":false},"excerpt":{"rendered":"<p>Luned\u00ec scorso la Corte europea dei diritti dell\u2019uomo (che nonostante il nome non ha nulla a che fare con l\u2019Unione Europea) ha respinto il ricorso del governo italiano contro la sentenza che lo scorso giugno, nell&#8217;ambito del caso di Marcello Viola, bocciava il cosiddetto ergastolo ostativo, una pena prevista nel nostro ordinamento che in sintesi [&hellip;]<\/p>\n","protected":false},"author":8,"featured_media":4767,"comment_status":"closed","ping_status":"open","sticky":false,"template":"","format":"standard","meta":{"ub_ctt_via":"","_mi_skip_tracking":false},"categories":[11],"tags":[],"featured_image_src":"https:\/\/www.messinaoggi.it\/website\/wp-content\/uploads\/2017\/07\/strage-via-damelio-morte-giudice-borsellino-2.jpg","author_info":{"display_name":"red..me","author_link":"https:\/\/www.messinaoggi.it\/website\/author\/redstage\/"},"digistream_id":0,"digistream":false,"_links":{"self":[{"href":"https:\/\/www.messinaoggi.it\/website\/wp-json\/wp\/v2\/posts\/37461"}],"collection":[{"href":"https:\/\/www.messinaoggi.it\/website\/wp-json\/wp\/v2\/posts"}],"about":[{"href":"https:\/\/www.messinaoggi.it\/website\/wp-json\/wp\/v2\/types\/post"}],"author":[{"embeddable":true,"href":"https:\/\/www.messinaoggi.it\/website\/wp-json\/wp\/v2\/users\/8"}],"replies":[{"embeddable":true,"href":"https:\/\/www.messinaoggi.it\/website\/wp-json\/wp\/v2\/comments?post=37461"}],"version-history":[{"count":0,"href":"https:\/\/www.messinaoggi.it\/website\/wp-json\/wp\/v2\/posts\/37461\/revisions"}],"wp:featuredmedia":[{"embeddable":true,"href":"https:\/\/www.messinaoggi.it\/website\/wp-json\/wp\/v2\/media\/4767"}],"wp:attachment":[{"href":"https:\/\/www.messinaoggi.it\/website\/wp-json\/wp\/v2\/media?parent=37461"}],"wp:term":[{"taxonomy":"category","embeddable":true,"href":"https:\/\/www.messinaoggi.it\/website\/wp-json\/wp\/v2\/categories?post=37461"},{"taxonomy":"post_tag","embeddable":true,"href":"https:\/\/www.messinaoggi.it\/website\/wp-json\/wp\/v2\/tags?post=37461"}],"curies":[{"name":"wp","href":"https:\/\/api.w.org\/{rel}","templated":true}]}}