{"id":37449,"date":"2019-10-08T18:22:33","date_gmt":"2019-10-08T16:22:33","guid":{"rendered":"https:\/\/www.messinaoggi.it\/website\/?p=37449"},"modified":"2019-10-08T18:22:33","modified_gmt":"2019-10-08T16:22:33","slug":"poste-su-chiusura-sportelli-decisioni-prese-con-le-amministrazioni","status":"publish","type":"post","link":"https:\/\/www.messinaoggi.it\/website\/2019\/10\/08\/poste-su-chiusura-sportelli-decisioni-prese-con-le-amministrazioni\/","title":{"rendered":"Poste su chiusura sportelli: &quot;Decisioni prese con le amministrazioni&quot;"},"content":{"rendered":"<p style=\"text-align: justify\">&#8220;<em>A tutela di tutti i cittadini interessati,<\/em> <em>il processo per la definizione complessiva degli interventi nei grandi centri urbani ha previsto il coinvolgimento delle amministrazioni locali attraverso un programma di incontri dedicati in ogni singolo Comune<\/em>&#8220;. Cos\u00ec il vicedirettore generale di Poste Italiane, Giuseppe Lasco, intervenendo sulla questione relativa al piano di rimodulazione degli uffici postali, che entro la fine dell&#8217;anno comporter\u00e0 la chiusura di una trentina di sportelli nelle grandi citt\u00e0 italiane, cinque dei quali nella sola Messina. Della vicenda si \u00e8 occupato recentemente il deputato in quota Pd all&#8217;Ars Franco De Domenico, che attraverso un&#8217;interrogazione scritta ha lanciato l&#8217;allarme al governo regionale in quanto preoccupato per le possibili ripercussioni negative sotto il profilo occupazionale ai danni della comunit\u00e0.<em><br \/>\n<\/em><div id=\"div-gpt-ad-Messinaoggi.it-DSK-300x250-corpoart\" style=\"text-align:center;margin:0 auto;\"><\/div><\/p>\n<blockquote class=\"wp-embedded-content\" data-secret=\"3O5anzbGTV\"><p><a href=\"https:\/\/www.messinaoggi.it\/website\/2019\/10\/07\/poste-annuncia-chiusura-sportelli-de-domenico-scrive-al-governo-regionale\/\">Poste annuncia chiusura sportelli, De Domenico scrive al governo regionale<\/a><div id=\"videoincontent\" style=\"clear:both\";><\/div><\/p><\/blockquote>\n<p><iframe class=\"wp-embedded-content\" sandbox=\"allow-scripts\" security=\"restricted\" style=\"position: absolute; clip: rect(1px, 1px, 1px, 1px);\" title=\"&#8220;Poste annuncia chiusura sportelli, De Domenico scrive al governo regionale&#8221; &#8212; Messina Oggi\" src=\"https:\/\/www.messinaoggi.it\/website\/2019\/10\/07\/poste-annuncia-chiusura-sportelli-de-domenico-scrive-al-governo-regionale\/embed\/#?secret=3O5anzbGTV\" data-secret=\"3O5anzbGTV\" width=\"500\" height=\"282\" frameborder=\"0\" marginwidth=\"0\" marginheight=\"0\" scrolling=\"no\"><\/iframe><\/p>\n<p style=\"text-align: justify\">&#8220;<em>Il programma di incontri<\/em> &#8211; spiega Lasco &#8211; <em>rappresenta un ulteriore elemento costitutivo del nuovo dialogo e del confronto aperto che avvicina ancora di pi\u00f9 Poste Italiane, i territori e le istituzioni. Il percorso instaurato dall\u2019Azienda \u00e8 fatto di impegni reali, investimenti, nuovi servizi e opportunit\u00e0 concrete per la crescita economica e sociale del Paese. In particolare, il piano di interventi previsto per la citt\u00e0 di Messina \u00e8 frutto di una continua interlocuzione con le strutture centrali e locali dello Stato. Grazie a questo confronto, Poste Italiane conferma pienamente la sua presenza in citt\u00e0, con i suoi 50 uffici postali e i 32 Atm Postamat abilitati a tutte le operazioni, disponibili sette giorni su sette ed in funzione 24 ore su 24.<\/em><\/p>\n<p style=\"text-align: justify\">&#8220;<em>Inoltre, a testimonianza del sostegno allo specifico territorio l\u2019Azienda comunica che, proprio in provincia di Messina, \u00e8 presente il comune di Venetico, nel quale sono stati realizzati il maggior numero di interventi di rafforzamento di servizi nell\u2019ambito del programma dedicato ai piccoli comuni; a Venetico Poste Italiane ha realizzato ben 6 interventi nel corso dell\u2019anno, dall\u2019installazione del nuovo Atm, all\u2019abbattimento delle barriere architettoniche, dall\u2019impianto di nuove telecamere per la sicurezza, alla disponibilit\u00e0 del Wi-Fi gratuito per tutta la cittadinanza<\/em>&#8220;.<\/p>\n","protected":false},"excerpt":{"rendered":"<p>&#8220;A tutela di tutti i cittadini interessati, il processo per la definizione complessiva degli interventi nei grandi centri urbani ha previsto il coinvolgimento delle amministrazioni locali attraverso un programma di incontri dedicati in ogni singolo Comune&#8220;. Cos\u00ec il vicedirettore generale di Poste Italiane, Giuseppe Lasco, intervenendo sulla questione relativa al piano di rimodulazione degli uffici [&hellip;]<\/p>\n","protected":false},"author":8,"featured_media":22564,"comment_status":"closed","ping_status":"open","sticky":false,"template":"","format":"standard","meta":{"ub_ctt_via":"","_mi_skip_tracking":false},"categories":[4],"tags":[],"featured_image_src":"https:\/\/www.messinaoggi.it\/website\/wp-content\/uploads\/2018\/07\/poste-italiane-1.jpg","author_info":{"display_name":"red..me","author_link":"https:\/\/www.messinaoggi.it\/website\/author\/redstage\/"},"digistream_id":0,"digistream":false,"_links":{"self":[{"href":"https:\/\/www.messinaoggi.it\/website\/wp-json\/wp\/v2\/posts\/37449"}],"collection":[{"href":"https:\/\/www.messinaoggi.it\/website\/wp-json\/wp\/v2\/posts"}],"about":[{"href":"https:\/\/www.messinaoggi.it\/website\/wp-json\/wp\/v2\/types\/post"}],"author":[{"embeddable":true,"href":"https:\/\/www.messinaoggi.it\/website\/wp-json\/wp\/v2\/users\/8"}],"replies":[{"embeddable":true,"href":"https:\/\/www.messinaoggi.it\/website\/wp-json\/wp\/v2\/comments?post=37449"}],"version-history":[{"count":0,"href":"https:\/\/www.messinaoggi.it\/website\/wp-json\/wp\/v2\/posts\/37449\/revisions"}],"wp:featuredmedia":[{"embeddable":true,"href":"https:\/\/www.messinaoggi.it\/website\/wp-json\/wp\/v2\/media\/22564"}],"wp:attachment":[{"href":"https:\/\/www.messinaoggi.it\/website\/wp-json\/wp\/v2\/media?parent=37449"}],"wp:term":[{"taxonomy":"category","embeddable":true,"href":"https:\/\/www.messinaoggi.it\/website\/wp-json\/wp\/v2\/categories?post=37449"},{"taxonomy":"post_tag","embeddable":true,"href":"https:\/\/www.messinaoggi.it\/website\/wp-json\/wp\/v2\/tags?post=37449"}],"curies":[{"name":"wp","href":"https:\/\/api.w.org\/{rel}","templated":true}]}}