{"id":3744,"date":"2017-06-30T14:33:34","date_gmt":"2017-06-30T12:33:34","guid":{"rendered":"http:\/\/www.messinaoggi.it\/website\/?p=3744"},"modified":"2017-06-30T14:33:34","modified_gmt":"2017-06-30T12:33:34","slug":"acr-presentata-la-domanda-iscrizione-non-e-completa","status":"publish","type":"post","link":"https:\/\/www.messinaoggi.it\/website\/2017\/06\/30\/acr-presentata-la-domanda-iscrizione-non-e-completa\/","title":{"rendered":"Acr, presentata domanda d&#039;iscrizione: non \u00e8 completa"},"content":{"rendered":"<p>L&#8217;Acr Messina ha presentato questa mattina la domanda di iscrizione al prossimo campionato di Lega Pro. Ma il plico non contiene liberatorie e ricevute del pagamento dei contributi: ci\u00f2 comunque non preclude l&#8217;iscrizione al prossimo campionato. La vera corsa contro il tempo \u00e8 appena iniziata perch\u00e9 giorno 5 si dovr\u00e0 produrre la fidejussione (Proto ha sempre detto di averla pronta), mentre entro met\u00e0 luglio ci sar\u00e0 tempo per presentare i documenti richiesti ed effettuare i pagamenti. Ormai \u00e8 certo che il prossimo campionato vedr\u00e0 il Messina penalizzato: c&#8217;\u00e8 solo da comprendere l&#8217;entit\u00e0, si va da 4 a 6 punti.<br \/>\nLa seconda importante scadenza ha evidenziato ancora una volta che la societ\u00e0 non ha quella liquidit\u00e0 necessaria, altrimenti si sarebbe provveduto alla liquidazione dei tesserati e al pagamento dei contributi ai calciatori. Ci\u00f2 sta giustamente creando allarmismi fra i tifosi, i quali a questo punto temono che il prossimo sar\u00e0 un altro campionato all&#8217;insegna della sofferenza. Di sicuro c&#8217;\u00e8 che la societ\u00e0 alle prese con i problemi dell&#8217;iscrizione sta trascurando l&#8217;aspetto sportivo. Niente allenatore, niente campagna acquisti e niente ritiro.<br \/>\nTuttavia, pare che Proto stia cercando di serrare le fila e dalle indiscrezioni trapelate pare che potrebbe accadere qualcosa da un momento all&#8217;altro. Forse potrebbe gi\u00e0 saltare qualche testa che non si \u00e8 mostrata capace da un punto di vista manageriale. Ma le novit\u00e0 potrebbero essere anche altre.<br \/>\nA questo punto, visto e considerato che \u00e8 conclamato che Proto non ha la forza economica per affrontare un campionato di Lega Pro, perch\u00e9 non cerca di aprire ad altri soci e tentare di rimettere in linea una societ\u00e0 che rischia davvero grosso?<div id=\"div-gpt-ad-Messinaoggi.it-DSK-300x250-corpoart\" style=\"text-align:center;margin:0 auto;\"><\/div><\/p>\n<div id=\"videoincontent\" style=\"clear:both\";><\/div>","protected":false},"excerpt":{"rendered":"<p>L&#8217;Acr Messina ha presentato questa mattina la domanda di iscrizione al prossimo campionato di Lega Pro. Ma il plico non contiene liberatorie e ricevute del pagamento dei contributi: ci\u00f2 comunque non preclude l&#8217;iscrizione al prossimo campionato. La vera corsa contro il tempo \u00e8 appena iniziata perch\u00e9 giorno 5 si dovr\u00e0 produrre la fidejussione (Proto ha [&hellip;]<\/p>\n","protected":false},"author":2,"featured_media":1918,"comment_status":"closed","ping_status":"open","sticky":false,"template":"","format":"standard","meta":{"ub_ctt_via":"","_mi_skip_tracking":false},"categories":[10,6],"tags":[],"featured_image_src":"https:\/\/www.messinaoggi.it\/website\/wp-content\/uploads\/2017\/06\/Proto-Franco-3.jpg","author_info":{"display_name":"Redazione","author_link":"https:\/\/www.messinaoggi.it\/website\/author\/redazione\/"},"digistream_id":0,"digistream":false,"_links":{"self":[{"href":"https:\/\/www.messinaoggi.it\/website\/wp-json\/wp\/v2\/posts\/3744"}],"collection":[{"href":"https:\/\/www.messinaoggi.it\/website\/wp-json\/wp\/v2\/posts"}],"about":[{"href":"https:\/\/www.messinaoggi.it\/website\/wp-json\/wp\/v2\/types\/post"}],"author":[{"embeddable":true,"href":"https:\/\/www.messinaoggi.it\/website\/wp-json\/wp\/v2\/users\/2"}],"replies":[{"embeddable":true,"href":"https:\/\/www.messinaoggi.it\/website\/wp-json\/wp\/v2\/comments?post=3744"}],"version-history":[{"count":0,"href":"https:\/\/www.messinaoggi.it\/website\/wp-json\/wp\/v2\/posts\/3744\/revisions"}],"wp:featuredmedia":[{"embeddable":true,"href":"https:\/\/www.messinaoggi.it\/website\/wp-json\/wp\/v2\/media\/1918"}],"wp:attachment":[{"href":"https:\/\/www.messinaoggi.it\/website\/wp-json\/wp\/v2\/media?parent=3744"}],"wp:term":[{"taxonomy":"category","embeddable":true,"href":"https:\/\/www.messinaoggi.it\/website\/wp-json\/wp\/v2\/categories?post=3744"},{"taxonomy":"post_tag","embeddable":true,"href":"https:\/\/www.messinaoggi.it\/website\/wp-json\/wp\/v2\/tags?post=3744"}],"curies":[{"name":"wp","href":"https:\/\/api.w.org\/{rel}","templated":true}]}}