{"id":37417,"date":"2019-10-08T09:02:40","date_gmt":"2019-10-08T07:02:40","guid":{"rendered":"https:\/\/www.messinaoggi.it\/website\/?p=37417"},"modified":"2019-10-08T09:02:40","modified_gmt":"2019-10-08T07:02:40","slug":"nasce-patrimonio-messina-de-luca-valorizzeremo-i-nostri-immobili","status":"publish","type":"post","link":"https:\/\/www.messinaoggi.it\/website\/2019\/10\/08\/nasce-patrimonio-messina-de-luca-valorizzeremo-i-nostri-immobili\/","title":{"rendered":"Nasce Patrimonio Messina, De Luca: &quot;Valorizzeremo i nostri immobili&quot;"},"content":{"rendered":"<p>Ieri \u00e8 stata costituita la Patrimonio Messina Spa, la societ\u00e0 in house providing del comune di Messina che si occuper\u00e0 della gestione, valorizzazione e dismissione del patrimonio immobiliare di Messina, sia ad uso residenziale che non.<br \/>\nPresidente del Consiglio di Amministrazione \u00e8 Roberto Cicala; consiglieri Patrizia Russo e Domenico Guerrera. Il collegio sindacale composto da Arturo Faraone, Francesco Fiorillo, Bertino Angela e supplenti Francesco Vito ed Emanuele Bucceri. Revisore Contabile sar\u00e0 Filippo Spadaro.<br \/>\n\u201c<em>La societ\u00e0 nasce per valorizzare l&#8217;intero patrimonio immobiliare di Messina,<\/em> &#8211; spiega il sindaco Cateno De Luca su Facebook &#8211; <em>cominciando dalla realizzazione di un inventario e completando con la gestione, la valorizzazione e la dismissione di tutti gli immobili di propriet\u00e0.<\/em><em> Basta con gli sprechi e l\u2019uso abusivo del nostro patrimonio immobiliare!<\/em>\u201d.<div id=\"div-gpt-ad-Messinaoggi.it-DSK-300x250-corpoart\" style=\"text-align:center;margin:0 auto;\"><\/div><\/p>\n<div id=\"videoincontent\" style=\"clear:both\";><\/div>","protected":false},"excerpt":{"rendered":"<p>Ieri \u00e8 stata costituita la Patrimonio Messina Spa, la societ\u00e0 in house providing del comune di Messina che si occuper\u00e0 della gestione, valorizzazione e dismissione del patrimonio immobiliare di Messina, sia ad uso residenziale che non. Presidente del Consiglio di Amministrazione \u00e8 Roberto Cicala; consiglieri Patrizia Russo e Domenico Guerrera. Il collegio sindacale composto da [&hellip;]<\/p>\n","protected":false},"author":8,"featured_media":37418,"comment_status":"closed","ping_status":"open","sticky":false,"template":"","format":"standard","meta":{"ub_ctt_via":"","_mi_skip_tracking":false},"categories":[4],"tags":[],"featured_image_src":"https:\/\/www.messinaoggi.it\/website\/wp-content\/uploads\/2019\/10\/patrimonio-spa.jpg","author_info":{"display_name":"red..me","author_link":"https:\/\/www.messinaoggi.it\/website\/author\/redstage\/"},"digistream_id":0,"digistream":false,"_links":{"self":[{"href":"https:\/\/www.messinaoggi.it\/website\/wp-json\/wp\/v2\/posts\/37417"}],"collection":[{"href":"https:\/\/www.messinaoggi.it\/website\/wp-json\/wp\/v2\/posts"}],"about":[{"href":"https:\/\/www.messinaoggi.it\/website\/wp-json\/wp\/v2\/types\/post"}],"author":[{"embeddable":true,"href":"https:\/\/www.messinaoggi.it\/website\/wp-json\/wp\/v2\/users\/8"}],"replies":[{"embeddable":true,"href":"https:\/\/www.messinaoggi.it\/website\/wp-json\/wp\/v2\/comments?post=37417"}],"version-history":[{"count":0,"href":"https:\/\/www.messinaoggi.it\/website\/wp-json\/wp\/v2\/posts\/37417\/revisions"}],"wp:featuredmedia":[{"embeddable":true,"href":"https:\/\/www.messinaoggi.it\/website\/wp-json\/wp\/v2\/media\/37418"}],"wp:attachment":[{"href":"https:\/\/www.messinaoggi.it\/website\/wp-json\/wp\/v2\/media?parent=37417"}],"wp:term":[{"taxonomy":"category","embeddable":true,"href":"https:\/\/www.messinaoggi.it\/website\/wp-json\/wp\/v2\/categories?post=37417"},{"taxonomy":"post_tag","embeddable":true,"href":"https:\/\/www.messinaoggi.it\/website\/wp-json\/wp\/v2\/tags?post=37417"}],"curies":[{"name":"wp","href":"https:\/\/api.w.org\/{rel}","templated":true}]}}