{"id":37401,"date":"2019-10-07T17:56:52","date_gmt":"2019-10-07T15:56:52","guid":{"rendered":"https:\/\/www.messinaoggi.it\/website\/?p=37401"},"modified":"2019-10-07T17:56:52","modified_gmt":"2019-10-07T15:56:52","slug":"maltempo-albero-si-schianta-a-sparta","status":"publish","type":"post","link":"https:\/\/www.messinaoggi.it\/website\/2019\/10\/07\/maltempo-albero-si-schianta-a-sparta\/","title":{"rendered":"Maltempo, albero si schianta a Spart\u00e0"},"content":{"rendered":"<p>Anche questa volta \u00e8 andata bene, ma il credito con la buona sorte potrebbe esaurirsi. Un albero si \u00e8 schiantato nel primo pomeriggio nel villaggio di Spart\u00e0, non distante il bivio per Masse.\u00a0 Sul posto sono prontamente intervenuti i vigili del fuoco del distaccamento di Villafranca Tirrena. Nel giro di un&#8217;ora \u00e8 ststa ripristinata la circolazione stradale.<div id=\"div-gpt-ad-Messinaoggi.it-DSK-300x250-corpoart\" style=\"text-align:center;margin:0 auto;\"><\/div><\/p>\n<div id=\"videoincontent\" style=\"clear:both\";><\/div>","protected":false},"excerpt":{"rendered":"<p>Anche questa volta \u00e8 andata bene, ma il credito con la buona sorte potrebbe esaurirsi. Un albero si \u00e8 schiantato nel primo pomeriggio nel villaggio di Spart\u00e0, non distante il bivio per Masse.\u00a0 Sul posto sono prontamente intervenuti i vigili del fuoco del distaccamento di Villafranca Tirrena. Nel giro di un&#8217;ora \u00e8 ststa ripristinata la [&hellip;]<\/p>\n","protected":false},"author":4,"featured_media":37402,"comment_status":"closed","ping_status":"open","sticky":false,"template":"","format":"standard","meta":{"ub_ctt_via":"","_mi_skip_tracking":false},"categories":[6],"tags":[],"featured_image_src":"https:\/\/www.messinaoggi.it\/website\/wp-content\/uploads\/2019\/10\/IMG-20191007-WA0010.jpg","author_info":{"display_name":"redme","author_link":"https:\/\/www.messinaoggi.it\/website\/author\/redme\/"},"digistream_id":0,"digistream":false,"_links":{"self":[{"href":"https:\/\/www.messinaoggi.it\/website\/wp-json\/wp\/v2\/posts\/37401"}],"collection":[{"href":"https:\/\/www.messinaoggi.it\/website\/wp-json\/wp\/v2\/posts"}],"about":[{"href":"https:\/\/www.messinaoggi.it\/website\/wp-json\/wp\/v2\/types\/post"}],"author":[{"embeddable":true,"href":"https:\/\/www.messinaoggi.it\/website\/wp-json\/wp\/v2\/users\/4"}],"replies":[{"embeddable":true,"href":"https:\/\/www.messinaoggi.it\/website\/wp-json\/wp\/v2\/comments?post=37401"}],"version-history":[{"count":0,"href":"https:\/\/www.messinaoggi.it\/website\/wp-json\/wp\/v2\/posts\/37401\/revisions"}],"wp:featuredmedia":[{"embeddable":true,"href":"https:\/\/www.messinaoggi.it\/website\/wp-json\/wp\/v2\/media\/37402"}],"wp:attachment":[{"href":"https:\/\/www.messinaoggi.it\/website\/wp-json\/wp\/v2\/media?parent=37401"}],"wp:term":[{"taxonomy":"category","embeddable":true,"href":"https:\/\/www.messinaoggi.it\/website\/wp-json\/wp\/v2\/categories?post=37401"},{"taxonomy":"post_tag","embeddable":true,"href":"https:\/\/www.messinaoggi.it\/website\/wp-json\/wp\/v2\/tags?post=37401"}],"curies":[{"name":"wp","href":"https:\/\/api.w.org\/{rel}","templated":true}]}}