{"id":3740,"date":"2017-06-30T14:25:02","date_gmt":"2017-06-30T12:25:02","guid":{"rendered":"http:\/\/www.messinaoggi.it\/website\/?p=3740"},"modified":"2017-06-30T14:25:02","modified_gmt":"2017-06-30T12:25:02","slug":"marefestival-salina-2017-prime-indiscrezioni","status":"publish","type":"post","link":"https:\/\/www.messinaoggi.it\/website\/2017\/06\/30\/marefestival-salina-2017-prime-indiscrezioni\/","title":{"rendered":"Marefestival Salina 2017. Prime indiscrezioni"},"content":{"rendered":"<p style=\"text-align: justify\">Inizia da oggi il conto alla rovescia per la VI edizione di Marefestival Salina in scena nell\u2019incantevole isola di Salina, e\u00a0 con esso arrivano \u00a0anche le prime indiscrezioni su chi saranno gli ospiti\u00a0 che popoleranno il celebre palco.<div id=\"div-gpt-ad-Messinaoggi.it-DSK-300x250-corpoart\" style=\"text-align:center;margin:0 auto;\"><\/div><\/p>\n<p style=\"text-align: justify\">I primi a salire sul palco di MareFestival Salina, per ricevere il Premio in ricordo di Massimo Troisi, istituito alcuni anni fa dal direttore artistico\u00a0Massimiliano Cavaleri\u00a0insieme con la madrina dell&#8217;evento\u00a0Maria Grazia Cucinotta, saranno Alessandro Haber\u00a0e\u00a0Sabrina Impacciatore. La kermesse che prender\u00e0 il via \u00a0marted\u00ec 19 per poi concludersi il 23 luglio, si aprir\u00e0, come da consuetudine, \u00a0con una serata anteprima a Milazzo marted\u00ec 18, dove sar\u00e0 presente Haber, attore pluripremiato pronto a raccontare la sua lunghissima carriera di oltre 80 film in cui ha lavorato con i pi\u00f9 importanti registi italiani, da Monicelli a Bertolucci fino a Bellocchio, in un talk show pomeridiano sull&#8217;isola pedonale, via Medici, aperto al pubblico.<div id=\"videoincontent\" style=\"clear:both\";><\/div><\/p>\n<p><img loading=\"lazy\" class=\"alignnone  wp-image-3743\" src=\"http:\/\/www.messinaoggi.it\/website\/wp-content\/uploads\/2017\/06\/sabrina-impacciatore-300x200.jpg\" alt=\"\" width=\"404\" height=\"269\" \/><\/p>\n<p style=\"text-align: justify\">La Impacciatore, nota per teatro, tv e al cinema con &#8220;Manuale d&#8217;amore&#8221;, &#8220;N (Io e Napoleone)&#8221;, &#8220;Pane e burlesque&#8221;, &#8220;Sei mai stata sulla luna?&#8221;, sar\u00e0 protagonista invece della prima serata a Salina nella piazza di Malfa, dove sar\u00e0 proiettato uno dei suoi lavori pi\u00f9 recenti, &#8220;Amiche da morire&#8221;, ambientato a Favignana, per testimoniare il profondo legame tra il grande schermo e le isole siciliane, come nel caso di Salina per il &#8220;Il Postino&#8221;, ogni anno celebrato con la consegna dei riconoscimenti in memoria di Troisi, gi\u00e0 assegnati nelle precedenti edizioni al candidato premio Oscar Matt Dillon, Castellitto, Pasotti, Autieri, Decaro, Milo, Dapporto, Veronesi, Solarino, Costanzo, Marchesini e molti altri.<\/p>\n<p style=\"text-align: justify\">A Malfa la proiezione del film &#8220;La Prova&#8221; che sintetizza il meglio delle &#8220;prove teatrali&#8221; dell&#8217;opera shakespeariana riletta e interpretata in teatro da\u00a0Ninni Bruschetta, cui sar\u00e0 consegnato il Premio &#8211; scultura MareFestival Salina. Bruschetta, testimonial di MareFestival da tre anni. Nell\u2019occasione Bruschetta \u00a0presenter\u00e0 anche il suo libro &#8220;Manuale di sopravvivenza dell&#8217;attore non protagonista&#8221;.<\/p>\n<p style=\"text-align: justify\">\n<p style=\"text-align: justify\">I dettagli del programma e i numerosi altri ospiti saranno annunciati durante la conferenza stampa di presentazione in programma a\u00a0venerd\u00ec 14 luglio\u00a0alla Marina del Nettuno, alle ore 18.30, alla quale \u00a0prenderanno parte, oltre a Cavaleri,\u00a0Patrizia Casale\u00a0e\u00a0Francesco Cappello, vicepresidente e tesoriere dell&#8217;associazione Prima Sicilia, che promuove la manifestazione, i presentatori\u00a0Marika Micalizzi,\u00a0Nadia La Malfa\u00a0e\u00a0Pierpaolo Ruello, autorit\u00e0 e partner. MareFestival \u00e8 patrocinato dalla Citt\u00e0 Metropolitana di Messina con il commissario straordinario\u00a0Filippo Romano, dal Comune di Santa Marina Salina con il sindaco\u00a0Domenico Arabia\u00a0e l&#8217;assessore al Turismo\u00a0Linda Sidoti, dal Comune di Malfa con il sindaco\u00a0Clara Rametta, dal Comune di Milazzo con il sindaco\u00a0Giovanni Formica\u00a0e gli assessori\u00a0Salvatore Presti\u00a0e\u00a0Piera Trimboli, dal CRAL Messina, presieduto da\u00a0Gaetano Antonazzo.<\/p>\n<p style=\"text-align: justify\">\u00a0Queste sono solo\u00a0 alcune delle premesse\u00a0 di tutto ci\u00f2 che il Marefestival Salina si appresta ad offrire al suo pubblico.<\/p>\n<p style=\"text-align: justify\">\n<p> <\/p>\n","protected":false},"excerpt":{"rendered":"<p>Inizia da oggi il conto alla rovescia per la VI edizione di Marefestival Salina in scena nell\u2019incantevole isola di Salina, e\u00a0 con esso arrivano \u00a0anche le prime indiscrezioni su chi saranno gli ospiti\u00a0 che popoleranno il celebre palco. I primi a salire sul palco di MareFestival Salina, per ricevere il Premio in ricordo di Massimo [&hellip;]<\/p>\n","protected":false},"author":5,"featured_media":3741,"comment_status":"closed","ping_status":"open","sticky":false,"template":"","format":"standard","meta":{"ub_ctt_via":"","_mi_skip_tracking":false},"categories":[17],"tags":[],"featured_image_src":"https:\/\/www.messinaoggi.it\/website\/wp-content\/uploads\/2017\/06\/Alessandro-Haber-2.jpg","author_info":{"display_name":"Maria Antonella Saia","author_link":"https:\/\/www.messinaoggi.it\/website\/author\/m-saia\/"},"digistream_id":0,"digistream":false,"_links":{"self":[{"href":"https:\/\/www.messinaoggi.it\/website\/wp-json\/wp\/v2\/posts\/3740"}],"collection":[{"href":"https:\/\/www.messinaoggi.it\/website\/wp-json\/wp\/v2\/posts"}],"about":[{"href":"https:\/\/www.messinaoggi.it\/website\/wp-json\/wp\/v2\/types\/post"}],"author":[{"embeddable":true,"href":"https:\/\/www.messinaoggi.it\/website\/wp-json\/wp\/v2\/users\/5"}],"replies":[{"embeddable":true,"href":"https:\/\/www.messinaoggi.it\/website\/wp-json\/wp\/v2\/comments?post=3740"}],"version-history":[{"count":0,"href":"https:\/\/www.messinaoggi.it\/website\/wp-json\/wp\/v2\/posts\/3740\/revisions"}],"wp:featuredmedia":[{"embeddable":true,"href":"https:\/\/www.messinaoggi.it\/website\/wp-json\/wp\/v2\/media\/3741"}],"wp:attachment":[{"href":"https:\/\/www.messinaoggi.it\/website\/wp-json\/wp\/v2\/media?parent=3740"}],"wp:term":[{"taxonomy":"category","embeddable":true,"href":"https:\/\/www.messinaoggi.it\/website\/wp-json\/wp\/v2\/categories?post=3740"},{"taxonomy":"post_tag","embeddable":true,"href":"https:\/\/www.messinaoggi.it\/website\/wp-json\/wp\/v2\/tags?post=3740"}],"curies":[{"name":"wp","href":"https:\/\/api.w.org\/{rel}","templated":true}]}}