{"id":37353,"date":"2019-10-05T12:08:26","date_gmt":"2019-10-05T10:08:26","guid":{"rendered":"https:\/\/www.messinaoggi.it\/website\/?p=37353"},"modified":"2019-10-05T12:08:26","modified_gmt":"2019-10-05T10:08:26","slug":"san-filippo-del-mela-evade-dai-domiciliari-arrestato-giovane-marocchino-di-rimini","status":"publish","type":"post","link":"https:\/\/www.messinaoggi.it\/website\/2019\/10\/05\/san-filippo-del-mela-evade-dai-domiciliari-arrestato-giovane-marocchino-di-rimini\/","title":{"rendered":"San Filippo del Mela, evade dai domiciliari: arrestato giovane marocchino di Rimini"},"content":{"rendered":"<p>Nel pomeriggio di ieri, in esecuzione di un provvedimento di aggravamento emesso dal Tribunale di Sorveglianza di Bologna, i Carabinieri della Stazione di San Filippo del Mela hanno arrestato un 19enne di origini marocchine (Z.T. le sue iniziali). Il provvedimento di carcerazione \u00e8 stato emesso poich\u00e9 il giovane, che era ristretto in detenzione domiciliare presso una comunit\u00e0 della Provincia di Rimini, lo scorso 2 ottobre si era arbitrariamente allontanato dalla struttura. I militari dell\u2019Arma lo hanno sorpreso a San Filippo del Mela mentre stava tentando di raggiungere l\u2019abitazione dei familiari.<br \/>\nAl termine delle formalit\u00e0 di rito, l\u2019arrestato \u00e8 stato condotto presso il carcere di Barcellona Pozzo di Gotto.<div id=\"div-gpt-ad-Messinaoggi.it-DSK-300x250-corpoart\" style=\"text-align:center;margin:0 auto;\"><\/div><\/p>\n<div id=\"videoincontent\" style=\"clear:both\";><\/div>","protected":false},"excerpt":{"rendered":"<p>Nel pomeriggio di ieri, in esecuzione di un provvedimento di aggravamento emesso dal Tribunale di Sorveglianza di Bologna, i Carabinieri della Stazione di San Filippo del Mela hanno arrestato un 19enne di origini marocchine (Z.T. le sue iniziali). Il provvedimento di carcerazione \u00e8 stato emesso poich\u00e9 il giovane, che era ristretto in detenzione domiciliare presso [&hellip;]<\/p>\n","protected":false},"author":8,"featured_media":23830,"comment_status":"closed","ping_status":"open","sticky":false,"template":"","format":"standard","meta":{"ub_ctt_via":"","_mi_skip_tracking":false},"categories":[13,14],"tags":[],"featured_image_src":"https:\/\/www.messinaoggi.it\/website\/wp-content\/uploads\/2018\/08\/carabinieri-cc-1.jpg","author_info":{"display_name":"red..me","author_link":"https:\/\/www.messinaoggi.it\/website\/author\/redstage\/"},"digistream_id":0,"digistream":false,"_links":{"self":[{"href":"https:\/\/www.messinaoggi.it\/website\/wp-json\/wp\/v2\/posts\/37353"}],"collection":[{"href":"https:\/\/www.messinaoggi.it\/website\/wp-json\/wp\/v2\/posts"}],"about":[{"href":"https:\/\/www.messinaoggi.it\/website\/wp-json\/wp\/v2\/types\/post"}],"author":[{"embeddable":true,"href":"https:\/\/www.messinaoggi.it\/website\/wp-json\/wp\/v2\/users\/8"}],"replies":[{"embeddable":true,"href":"https:\/\/www.messinaoggi.it\/website\/wp-json\/wp\/v2\/comments?post=37353"}],"version-history":[{"count":0,"href":"https:\/\/www.messinaoggi.it\/website\/wp-json\/wp\/v2\/posts\/37353\/revisions"}],"wp:featuredmedia":[{"embeddable":true,"href":"https:\/\/www.messinaoggi.it\/website\/wp-json\/wp\/v2\/media\/23830"}],"wp:attachment":[{"href":"https:\/\/www.messinaoggi.it\/website\/wp-json\/wp\/v2\/media?parent=37353"}],"wp:term":[{"taxonomy":"category","embeddable":true,"href":"https:\/\/www.messinaoggi.it\/website\/wp-json\/wp\/v2\/categories?post=37353"},{"taxonomy":"post_tag","embeddable":true,"href":"https:\/\/www.messinaoggi.it\/website\/wp-json\/wp\/v2\/tags?post=37353"}],"curies":[{"name":"wp","href":"https:\/\/api.w.org\/{rel}","templated":true}]}}