{"id":37348,"date":"2019-10-05T12:25:49","date_gmt":"2019-10-05T10:25:49","guid":{"rendered":"https:\/\/www.messinaoggi.it\/website\/?p=37348"},"modified":"2019-10-05T12:25:49","modified_gmt":"2019-10-05T10:25:49","slug":"madonna-del-rosario-al-via-stasera-la-notte-bianca-in-via-manzoni","status":"publish","type":"post","link":"https:\/\/www.messinaoggi.it\/website\/2019\/10\/05\/madonna-del-rosario-al-via-stasera-la-notte-bianca-in-via-manzoni\/","title":{"rendered":"Madonna del Rosario, al via stasera la notte bianca in via Manzoni"},"content":{"rendered":"<p>Il rione del Dazio e la citt\u00e0 di Messina si apprestano a rendere omaggio alla Madonna del Rosario attraverso la festa e la Processione organizzata dalla Parrocchia di San Domenico al Dazio. Tra gli eventi organizzati in occasione dei festeggiamenti, la seconda edizione della notte bianca in via Manzoni, che prender\u00e0 avvio da stasera a partire dalle 20, nel tratto di strada compreso tra la via Conte di Torino e il Viale Regina Elena.<br \/>\nL&#8217;organizzazione della festa sar\u00e0 curata dal relativo comitato, vale a dire da Mirko Grillo, Alessia Molonia e Alessandro Barbera, con la collaborazione del consiglere della V Circoscrizione Franco Laimo, mentre la parte artistica sar\u00e0 affidata al gruppo di Radio Amore e all&#8217;associazione La Scarlatta curata da Giusy Fucile; presenta sul palco Natale Muna\u00f2.\u00a0Durante la serata tante sorprese: esibizioni delle scuole di danza e canto, esposizione di vespe e auto d&#8217;epoca, partecipazione di hobbisti, creativi e di diversi pittori messinesi. Ciliegina sulla torta anche quest&#8217;anno sar\u00e0 lo Street food, allestito all&#8217;interno del cortile parrocchiale.<br \/>\nHanno risposto all&#8217;appello anche diverse associazioni di volontariato: presenti l&#8217;associazione Donare e Vita curata da Gaetano Alessandro e l&#8217;associazione Giovani diabetici curata da Armando Maggiari. Presente inoltre lo sportello sociale di professionisti volontari della V Circoscrizione.<br \/>\nDomani poi i festeggiamenti: alle ore 11 si terr\u00e0 la solenne concelebrazione eucaristica presieduta da padre Giuseppe Sabato, mentre alle 12 si terr\u00e0 la supplica alla Madonna del Rosario. A partire dalle 16 e 30 prender\u00e0 infine avvio la processione per le vie del quartiere.<div id=\"div-gpt-ad-Messinaoggi.it-DSK-300x250-corpoart\" style=\"text-align:center;margin:0 auto;\"><\/div><\/p>\n<div id=\"videoincontent\" style=\"clear:both\";><\/div>","protected":false},"excerpt":{"rendered":"<p>Il rione del Dazio e la citt\u00e0 di Messina si apprestano a rendere omaggio alla Madonna del Rosario attraverso la festa e la Processione organizzata dalla Parrocchia di San Domenico al Dazio. Tra gli eventi organizzati in occasione dei festeggiamenti, la seconda edizione della notte bianca in via Manzoni, che prender\u00e0 avvio da stasera a [&hellip;]<\/p>\n","protected":false},"author":8,"featured_media":37354,"comment_status":"closed","ping_status":"open","sticky":false,"template":"","format":"standard","meta":{"ub_ctt_via":"","_mi_skip_tracking":false},"categories":[17],"tags":[],"featured_image_src":"https:\/\/www.messinaoggi.it\/website\/wp-content\/uploads\/2019\/10\/notte-bianca-via-manzoni-seconda-edizione-Copia.jpg","author_info":{"display_name":"red..me","author_link":"https:\/\/www.messinaoggi.it\/website\/author\/redstage\/"},"digistream_id":0,"digistream":false,"_links":{"self":[{"href":"https:\/\/www.messinaoggi.it\/website\/wp-json\/wp\/v2\/posts\/37348"}],"collection":[{"href":"https:\/\/www.messinaoggi.it\/website\/wp-json\/wp\/v2\/posts"}],"about":[{"href":"https:\/\/www.messinaoggi.it\/website\/wp-json\/wp\/v2\/types\/post"}],"author":[{"embeddable":true,"href":"https:\/\/www.messinaoggi.it\/website\/wp-json\/wp\/v2\/users\/8"}],"replies":[{"embeddable":true,"href":"https:\/\/www.messinaoggi.it\/website\/wp-json\/wp\/v2\/comments?post=37348"}],"version-history":[{"count":0,"href":"https:\/\/www.messinaoggi.it\/website\/wp-json\/wp\/v2\/posts\/37348\/revisions"}],"wp:featuredmedia":[{"embeddable":true,"href":"https:\/\/www.messinaoggi.it\/website\/wp-json\/wp\/v2\/media\/37354"}],"wp:attachment":[{"href":"https:\/\/www.messinaoggi.it\/website\/wp-json\/wp\/v2\/media?parent=37348"}],"wp:term":[{"taxonomy":"category","embeddable":true,"href":"https:\/\/www.messinaoggi.it\/website\/wp-json\/wp\/v2\/categories?post=37348"},{"taxonomy":"post_tag","embeddable":true,"href":"https:\/\/www.messinaoggi.it\/website\/wp-json\/wp\/v2\/tags?post=37348"}],"curies":[{"name":"wp","href":"https:\/\/api.w.org\/{rel}","templated":true}]}}