{"id":37345,"date":"2019-10-05T11:21:44","date_gmt":"2019-10-05T09:21:44","guid":{"rendered":"https:\/\/www.messinaoggi.it\/website\/?p=37345"},"modified":"2019-10-05T11:21:44","modified_gmt":"2019-10-05T09:21:44","slug":"strada-portella-castanea-de-luca-incontra-delegazione-di-residenti","status":"publish","type":"post","link":"https:\/\/www.messinaoggi.it\/website\/2019\/10\/05\/strada-portella-castanea-de-luca-incontra-delegazione-di-residenti\/","title":{"rendered":"Strada Portella Castanea, De Luca incontra delegazione di residenti"},"content":{"rendered":"<p>Dopo l\u2019incontro presso l\u2019Assessorato regionale Territorio e Ambiente di gioved\u00ec scorso, nell\u2019ambito del quale si \u00e8 discusso tra le altre cose della necessit\u00e0 di mettere in sicurezza la strada di Portella Castanea, il sindaco Cateno De Luca ha organizzato ieri un incontro con una delegazione dei cittadini di Salice, Castanea e Massa San Giorgio per riferire quanto emerso durante l&#8217;incontro a Palermo con riferimento all\u2019importante arteria che collega i villaggi collinari della zona nord con il centro citt\u00e0, che da oltre un anno a questa parte risulta essere chiusa a seguito di una frana.<br \/>\nhttps:\/\/www.messinaoggi.it\/website\/2019\/10\/04\/prg-tavolo-tecnico-alla-regione-de-luca-sbloccati-centinaia-di-progetti\/<br \/>\nIl vicesindaco Salvatore Mondello ha delineato che durante l\u2019incontro a Palermo su sollecitazione dello stesso e del sindaco De Luca si \u00e8 ottenuta la rassicurazione da parte del dirigente Ambiente di rilasciare il previsto nullaosta ambientale nel pi\u00f9 breve tempo possibile. Ci\u00f2 al fine di potere definire compiutamente in linea tecnica il progetto delle opere di consolidamento. Tale empasse ha determinato di fatto l\u2019impossibilit\u00e0 di intervenire rapidamente, anche in considerazione del fatto che l\u2019opera risulta totalmente finanziata e quindi cantierabile.<br \/>\nInsieme ai cittadini e al consigliere comunale Francesco Pagano si \u00e8 stabilito un incontro da tenersi a fine mese per verificare se l\u2019attivit\u00e0 \u00e8 stata realmente definita o risultano necessari interventi mitigativi per la sicurezza stradale, nelle more dell\u2019attivazione del cantiere. &#8220;<em>\u00c8 stato un momento di grande democrazia partecipata \u2013 ha sottolineato il vicesindaco Mondello \u2013 un plauso va ai cittadini tutti per il garbo e la pazienza dimostrata e al consigliere Pagano per essersi reso parte diligente nel promuovere l\u2019incontro<\/em>&#8220;.<div id=\"div-gpt-ad-Messinaoggi.it-DSK-300x250-corpoart\" style=\"text-align:center;margin:0 auto;\"><\/div><\/p>\n<div id=\"videoincontent\" style=\"clear:both\";><\/div>","protected":false},"excerpt":{"rendered":"<p>Dopo l\u2019incontro presso l\u2019Assessorato regionale Territorio e Ambiente di gioved\u00ec scorso, nell\u2019ambito del quale si \u00e8 discusso tra le altre cose della necessit\u00e0 di mettere in sicurezza la strada di Portella Castanea, il sindaco Cateno De Luca ha organizzato ieri un incontro con una delegazione dei cittadini di Salice, Castanea e Massa San Giorgio per [&hellip;]<\/p>\n","protected":false},"author":8,"featured_media":37346,"comment_status":"closed","ping_status":"open","sticky":false,"template":"","format":"standard","meta":{"ub_ctt_via":"","_mi_skip_tracking":false},"categories":[4],"tags":[],"featured_image_src":"https:\/\/www.messinaoggi.it\/website\/wp-content\/uploads\/2019\/10\/incontro-de-luca-residenti-villaggi-collinari-zona-nord.jpg","author_info":{"display_name":"red..me","author_link":"https:\/\/www.messinaoggi.it\/website\/author\/redstage\/"},"digistream_id":0,"digistream":false,"_links":{"self":[{"href":"https:\/\/www.messinaoggi.it\/website\/wp-json\/wp\/v2\/posts\/37345"}],"collection":[{"href":"https:\/\/www.messinaoggi.it\/website\/wp-json\/wp\/v2\/posts"}],"about":[{"href":"https:\/\/www.messinaoggi.it\/website\/wp-json\/wp\/v2\/types\/post"}],"author":[{"embeddable":true,"href":"https:\/\/www.messinaoggi.it\/website\/wp-json\/wp\/v2\/users\/8"}],"replies":[{"embeddable":true,"href":"https:\/\/www.messinaoggi.it\/website\/wp-json\/wp\/v2\/comments?post=37345"}],"version-history":[{"count":0,"href":"https:\/\/www.messinaoggi.it\/website\/wp-json\/wp\/v2\/posts\/37345\/revisions"}],"wp:featuredmedia":[{"embeddable":true,"href":"https:\/\/www.messinaoggi.it\/website\/wp-json\/wp\/v2\/media\/37346"}],"wp:attachment":[{"href":"https:\/\/www.messinaoggi.it\/website\/wp-json\/wp\/v2\/media?parent=37345"}],"wp:term":[{"taxonomy":"category","embeddable":true,"href":"https:\/\/www.messinaoggi.it\/website\/wp-json\/wp\/v2\/categories?post=37345"},{"taxonomy":"post_tag","embeddable":true,"href":"https:\/\/www.messinaoggi.it\/website\/wp-json\/wp\/v2\/tags?post=37345"}],"curies":[{"name":"wp","href":"https:\/\/api.w.org\/{rel}","templated":true}]}}