{"id":37342,"date":"2019-10-05T10:47:22","date_gmt":"2019-10-05T08:47:22","guid":{"rendered":"https:\/\/www.messinaoggi.it\/website\/?p=37342"},"modified":"2019-10-05T10:47:22","modified_gmt":"2019-10-05T08:47:22","slug":"esonda-il-torrente-di-san-michele-de-luca-bisogna-trovare-delle-soluzioni","status":"publish","type":"post","link":"https:\/\/www.messinaoggi.it\/website\/2019\/10\/05\/esonda-il-torrente-di-san-michele-de-luca-bisogna-trovare-delle-soluzioni\/","title":{"rendered":"Esonda il torrente di San Michele, De Luca: &quot;Bisogna trovare delle soluzioni&quot;"},"content":{"rendered":"<p>\u201c<em>Una citt\u00e0 con decine di villaggi limitrofi a torrenti qual \u00e8 quella di Messina non pu\u00f2 essere lasciata in balia di una burocrazia che se da una parte vieta qualsiasi intervento in alveo per permettere la viabilit\u00e0, dall&#8217;altra non propone soluzioni alternative compatibili con il naturale deflusso delle acque<\/em>\u201d. Queste le parole del sindaco Cateno De Luca a seguito di un sopralluogo lungo il torrente San Michele assieme all&#8217;assessore Massimiliano Minutoli e al presidente di Amam Salvo Puccio, avvenuto alla presenza dei residenti della zona. Il sopralluogo giunge a seguito dell\u2019esondazione del torrente avvenuta gioved\u00ec scorso, a seguito delle forti precipitazioni che hanno colpito la citt\u00e0 e pi\u00f9 in generale il territorio provinciale.<br \/>\n<a href=\"https:\/\/www.messinaoggi.it\/website\/wp-content\/uploads\/2019\/10\/Sopralluogo-Torrente-San-Michele-bis.jpg\"><img loading=\"lazy\" class=\"alignnone size-full wp-image-37343\" src=\"https:\/\/www.messinaoggi.it\/website\/wp-content\/uploads\/2019\/10\/Sopralluogo-Torrente-San-Michele-bis.jpg\" alt=\"\" width=\"960\" height=\"720\" \/><\/a><br \/>\n\u201c<em>In questi giorni si \u00e8 ricordato il decennale della tragedia di Giampilieri e Scaletta Zanclea, in cui trentasette persone hanno perso la vita.<\/em> \u2013 dichiara il primo cittadino \u2013 <em>Dopo anni di assoluta mancanza di una strategia unica finalizzata alla risoluzione della problematica, luned\u00ec sar\u00e0 convocata una conferenza dei servizi con tutti gli Enti territorialmente interessati, per stabilire se le proposte di questa Amministrazione sono risolutive per le emergenze immediate e compatibili con le soluzioni progettuali previste dal piano di sistemazione idraulica inserito in graduatoria regionale per un importo di 7 milioni e 900 mila euro approvata con DDG 478\/2010 dal Dipartimento Regionale al Territorio ed Ambiente<\/em>\u201d.<br \/>\n\u201c<em>Ringrazio per la presenza e collaborazione <\/em>\u2013 conclude De Luca \u2013<em> Ivan Cute&#8217; presidente V Circoscrizione, Lorena Fulco consigliera della 5\u00b0 circoscrizione e Giandomenico La Fauci consigliere comunale. Quella della lotta al dissesto idrogeologico \u00e8 una battaglia che va combattuta sia per il Torrente San Michele che per tutti i torrenti e villaggi della Citt\u00e0 di Messina<\/em>\u201d.<div id=\"div-gpt-ad-Messinaoggi.it-DSK-300x250-corpoart\" style=\"text-align:center;margin:0 auto;\"><\/div><\/p>\n<div id=\"videoincontent\" style=\"clear:both\";><\/div>","protected":false},"excerpt":{"rendered":"<p>\u201cUna citt\u00e0 con decine di villaggi limitrofi a torrenti qual \u00e8 quella di Messina non pu\u00f2 essere lasciata in balia di una burocrazia che se da una parte vieta qualsiasi intervento in alveo per permettere la viabilit\u00e0, dall&#8217;altra non propone soluzioni alternative compatibili con il naturale deflusso delle acque\u201d. Queste le parole del sindaco Cateno [&hellip;]<\/p>\n","protected":false},"author":8,"featured_media":37344,"comment_status":"closed","ping_status":"open","sticky":false,"template":"","format":"standard","meta":{"ub_ctt_via":"","_mi_skip_tracking":false},"categories":[4],"tags":[],"featured_image_src":"https:\/\/www.messinaoggi.it\/website\/wp-content\/uploads\/2019\/10\/Sopralluogo-Torrente-San-Michele.jpg","author_info":{"display_name":"red..me","author_link":"https:\/\/www.messinaoggi.it\/website\/author\/redstage\/"},"digistream_id":0,"digistream":false,"_links":{"self":[{"href":"https:\/\/www.messinaoggi.it\/website\/wp-json\/wp\/v2\/posts\/37342"}],"collection":[{"href":"https:\/\/www.messinaoggi.it\/website\/wp-json\/wp\/v2\/posts"}],"about":[{"href":"https:\/\/www.messinaoggi.it\/website\/wp-json\/wp\/v2\/types\/post"}],"author":[{"embeddable":true,"href":"https:\/\/www.messinaoggi.it\/website\/wp-json\/wp\/v2\/users\/8"}],"replies":[{"embeddable":true,"href":"https:\/\/www.messinaoggi.it\/website\/wp-json\/wp\/v2\/comments?post=37342"}],"version-history":[{"count":0,"href":"https:\/\/www.messinaoggi.it\/website\/wp-json\/wp\/v2\/posts\/37342\/revisions"}],"wp:featuredmedia":[{"embeddable":true,"href":"https:\/\/www.messinaoggi.it\/website\/wp-json\/wp\/v2\/media\/37344"}],"wp:attachment":[{"href":"https:\/\/www.messinaoggi.it\/website\/wp-json\/wp\/v2\/media?parent=37342"}],"wp:term":[{"taxonomy":"category","embeddable":true,"href":"https:\/\/www.messinaoggi.it\/website\/wp-json\/wp\/v2\/categories?post=37342"},{"taxonomy":"post_tag","embeddable":true,"href":"https:\/\/www.messinaoggi.it\/website\/wp-json\/wp\/v2\/tags?post=37342"}],"curies":[{"name":"wp","href":"https:\/\/api.w.org\/{rel}","templated":true}]}}