{"id":37340,"date":"2019-10-05T10:08:26","date_gmt":"2019-10-05T08:08:26","guid":{"rendered":"https:\/\/www.messinaoggi.it\/website\/?p=37340"},"modified":"2019-10-05T10:08:26","modified_gmt":"2019-10-05T08:08:26","slug":"cadavere-coperto-di-pidocchi-lasp-avvia-indagine-interna","status":"publish","type":"post","link":"https:\/\/www.messinaoggi.it\/website\/2019\/10\/05\/cadavere-coperto-di-pidocchi-lasp-avvia-indagine-interna\/","title":{"rendered":"Cadavere coperto di pidocchi, l&#039;Asp avvia indagine interna"},"content":{"rendered":"<p>L\u2019Asp di Messina ha avviato un\u2019indagine interna sul caso che vedrebbe il cadavere di un paziente dell&#8217;ospedale di Milazzo, deceduto per Sla all&#8217;et\u00e0 di 56 anni, ricoperto di pidocchi.<div id=\"div-gpt-ad-Messinaoggi.it-DSK-300x250-corpoart\" style=\"text-align:center;margin:0 auto;\"><\/div><\/p>\n<blockquote class=\"wp-embedded-content\" data-secret=\"QYmE0ONZoO\"><p><a href=\"https:\/\/www.messinaoggi.it\/website\/2019\/10\/05\/cadavere-coperto-di-pidocchi-in-ospedale\/\">Cadavere coperto di pidocchi in ospedale<\/a><div id=\"videoincontent\" style=\"clear:both\";><\/div><\/p><\/blockquote>\n<p><iframe class=\"wp-embedded-content\" sandbox=\"allow-scripts\" security=\"restricted\" style=\"position: absolute; clip: rect(1px, 1px, 1px, 1px);\" title=\"&#8220;Cadavere coperto di pidocchi in ospedale&#8221; &#8212; Messina Oggi\" src=\"https:\/\/www.messinaoggi.it\/website\/2019\/10\/05\/cadavere-coperto-di-pidocchi-in-ospedale\/embed\/#?secret=QYmE0ONZoO\" data-secret=\"QYmE0ONZoO\" width=\"500\" height=\"282\" frameborder=\"0\" marginwidth=\"0\" marginheight=\"0\" scrolling=\"no\"><\/iframe><br \/>\nIl direttore generale dell\u2019Asp Paolo La Paglia rassicura su quanto accaduto, affermando che a seguito dell\u2019indagine condotta assieme al direttore sanitario Domenico Sindoni non \u00e8 emersa la presenza di pazienti con pidocchi: &#8220;<em>Nell&#8217;attendere con serenit\u00e0 le risultanze delle indagini e delle necessarie verifiche da parte dell&#8217;autorit\u00e0 di polizia,<\/em> &#8211; si legge in una nota a firma di La Paglia &#8211; c<em>omunico che insieme al direttore sanitario Domenico Sindoni ho immediatamente avviato una indagine interna, dalla quale sembra emergere che in ospedale e nella stessa rianimazione non ci siano ricoverati infetti da pidocchi, peraltro malattia altamente e immediatamente contagiosa.<\/em><br \/>\n&#8220;<em>Per un ulteriore approfondimento epidemiologico ho anche istituito una commissione formata dal direttore medico dell&#8217;ospedale di Milazzo Paolo Cardia, dal dirigente medico dell&#8217;ospedale di Barcellona Felicia Laguidare e dal risk manager dell&#8217;Asp Nino Giallanza, che dovr\u00e0 accertare minuziosamente i fatti accaduti e se presenti eventuali responsabilit\u00e0.<\/em><br \/>\n&#8220;<em>Esprimo a nome dell&#8217;Azienda Sanitaria di Messina le mie condoglianze alla famiglia, per la perdita del congiunto<\/em>&#8220;.<\/p>\n","protected":false},"excerpt":{"rendered":"<p>L\u2019Asp di Messina ha avviato un\u2019indagine interna sul caso che vedrebbe il cadavere di un paziente dell&#8217;ospedale di Milazzo, deceduto per Sla all&#8217;et\u00e0 di 56 anni, ricoperto di pidocchi. Cadavere coperto di pidocchi in ospedale Il direttore generale dell\u2019Asp Paolo La Paglia rassicura su quanto accaduto, affermando che a seguito dell\u2019indagine condotta assieme al direttore [&hellip;]<\/p>\n","protected":false},"author":8,"featured_media":2164,"comment_status":"closed","ping_status":"open","sticky":false,"template":"","format":"standard","meta":{"ub_ctt_via":"","_mi_skip_tracking":false},"categories":[6],"tags":[],"featured_image_src":"https:\/\/www.messinaoggi.it\/website\/wp-content\/uploads\/2017\/06\/Asp-Messina-2.jpg","author_info":{"display_name":"red..me","author_link":"https:\/\/www.messinaoggi.it\/website\/author\/redstage\/"},"digistream_id":0,"digistream":false,"_links":{"self":[{"href":"https:\/\/www.messinaoggi.it\/website\/wp-json\/wp\/v2\/posts\/37340"}],"collection":[{"href":"https:\/\/www.messinaoggi.it\/website\/wp-json\/wp\/v2\/posts"}],"about":[{"href":"https:\/\/www.messinaoggi.it\/website\/wp-json\/wp\/v2\/types\/post"}],"author":[{"embeddable":true,"href":"https:\/\/www.messinaoggi.it\/website\/wp-json\/wp\/v2\/users\/8"}],"replies":[{"embeddable":true,"href":"https:\/\/www.messinaoggi.it\/website\/wp-json\/wp\/v2\/comments?post=37340"}],"version-history":[{"count":0,"href":"https:\/\/www.messinaoggi.it\/website\/wp-json\/wp\/v2\/posts\/37340\/revisions"}],"wp:featuredmedia":[{"embeddable":true,"href":"https:\/\/www.messinaoggi.it\/website\/wp-json\/wp\/v2\/media\/2164"}],"wp:attachment":[{"href":"https:\/\/www.messinaoggi.it\/website\/wp-json\/wp\/v2\/media?parent=37340"}],"wp:term":[{"taxonomy":"category","embeddable":true,"href":"https:\/\/www.messinaoggi.it\/website\/wp-json\/wp\/v2\/categories?post=37340"},{"taxonomy":"post_tag","embeddable":true,"href":"https:\/\/www.messinaoggi.it\/website\/wp-json\/wp\/v2\/tags?post=37340"}],"curies":[{"name":"wp","href":"https:\/\/api.w.org\/{rel}","templated":true}]}}