{"id":37324,"date":"2019-10-04T10:52:08","date_gmt":"2019-10-04T08:52:08","guid":{"rendered":"https:\/\/www.messinaoggi.it\/website\/?p=37324"},"modified":"2019-10-04T10:52:08","modified_gmt":"2019-10-04T08:52:08","slug":"edilizia-tavolo-tecnico-alla-regione-de-luca-sbloccati-centinaia-di-progetti","status":"publish","type":"post","link":"https:\/\/www.messinaoggi.it\/website\/2019\/10\/04\/edilizia-tavolo-tecnico-alla-regione-de-luca-sbloccati-centinaia-di-progetti\/","title":{"rendered":"Edilizia, tavolo tecnico alla Regione. De Luca: &quot;Sbloccati centinaia di progetti&quot;"},"content":{"rendered":"<p style=\"text-align: justify\">Sbloccati centinaia di progetti in materia di edilizia privata. Il sindaco Cateno De Luca ha infatti reso noto di essersi recato ieri mattina alla sede della Regione per ottenere lo sblocco di oltre cento progetti di manutenzione ordinaria e straordinaria di edilizia privata. Obiettivo principale dell\u2019incontro, che si \u00e8 tenuto a Palermo presso il dipartimento regionale dell\u2019Urbanistica, era infatti quello di discutere del dossier edilizia privata.<div id=\"div-gpt-ad-Messinaoggi.it-DSK-300x250-corpoart\" style=\"text-align:center;margin:0 auto;\"><\/div><\/p>\n<p style=\"text-align: justify\">Stando a quanto raccontato dal primo cittadino, quella di ieri, quantomeno inizialmente, \u00e8 stata una riunione molto tesa, un vero e proprio confronto-scontro della durata di ben sette ore, al termine del quale si \u00e8 riusciti alla fine a trovare un accordo, che per l\u2019appunto ha visto lo sblocco dei progetti in questione: \u201cDopo quasi sette ore di confronto-scontro si \u00e8 giunti ad una fattiva soluzione per sbloccare centinai di progetti di manutenzione ordinaria e straordinaria di edilizia privata anche in relazione agli interventi disciplinati dal piano casa\u201d, commenta De Luca dopo il tavolo tecnico, per poi aggiungere: \u201cUna piccola boccata di ossigeno per la nostra asfittica edilizia privata nell\u2019attesa della redazione del Piano regolatore generale\u201d.<div id=\"videoincontent\" style=\"clear:both\";><\/div><\/p>\n<p style=\"text-align: justify\">Ma quello dell&#8217;edilizia privata non \u00e8 stato l\u2019unico argomento che \u00e8 stato affrontato durante la seduta fiume di ieri. Durante l\u2019incontro, infatti, si \u00e8 discusso altres\u00ec della necessit\u00e0 di realizzare quanto prima la messa in sicurezza della strada Portella Castenea, importante arteria che collega i villaggi collinari della zona nord con il centro citt\u00e0 che da oltre un anno risulta essere chiusa a seguito di una frana, oltre che della possibilit\u00e0 di ampliare il cimitero di Faro Superiore, che ad oggi non dispone pi\u00f9 dei necessari loculi e porzioni da destinare alla tumulazione. In particolare, nel verbale della riunione si legge che De Luca ha posto sul tavolo \u201cl\u2019urgenza di realizzare l\u2019intervento di messa in sicurezza della strada Portella Castanea [\u2026] e l\u2019ampliamento del cimitero di Faro Superiore non essendoci pi\u00f9 la disponibilit\u00e0 di loculi e porzioni destinate alla tumulazione\u201d. Bisogna per\u00f2 vedere quando si decider\u00e0 di intervenire concretamente. Quelle di ieri al momento rimangono delle semplici dichiarazioni di intenti e nulla si sa di quando verr\u00e0 stilato un primo cronoprogramma dei lavori.<\/p>\n<p style=\"text-align: justify\">\u201cRingrazio l\u2019assessore Toto Cordaro \u2013 conclude De Luca \u2013 per il suo intervento conclusivo che ci ha consentito di individuare un\u2019equa soluzione per una questione da anni impantanata nei meandri dell\u2019Assessorato Territorio e Ambiente\u201d.<\/p>\n<p style=\"text-align: right\"><strong>Paolo Mustica<\/strong><\/p>\n","protected":false},"excerpt":{"rendered":"<p>Sbloccati centinaia di progetti in materia di edilizia privata. Il sindaco Cateno De Luca ha infatti reso noto di essersi recato ieri mattina alla sede della Regione per ottenere lo sblocco di oltre cento progetti di manutenzione ordinaria e straordinaria di edilizia privata. Obiettivo principale dell\u2019incontro, che si \u00e8 tenuto a Palermo presso il dipartimento [&hellip;]<\/p>\n","protected":false},"author":8,"featured_media":37326,"comment_status":"closed","ping_status":"open","sticky":false,"template":"","format":"standard","meta":{"ub_ctt_via":"","_mi_skip_tracking":false},"categories":[4],"tags":[],"featured_image_src":"https:\/\/www.messinaoggi.it\/website\/wp-content\/uploads\/2019\/10\/tavolo-tecnico-de-luca-regione-su-prg-1.jpg","author_info":{"display_name":"red..me","author_link":"https:\/\/www.messinaoggi.it\/website\/author\/redstage\/"},"digistream_id":0,"digistream":false,"_links":{"self":[{"href":"https:\/\/www.messinaoggi.it\/website\/wp-json\/wp\/v2\/posts\/37324"}],"collection":[{"href":"https:\/\/www.messinaoggi.it\/website\/wp-json\/wp\/v2\/posts"}],"about":[{"href":"https:\/\/www.messinaoggi.it\/website\/wp-json\/wp\/v2\/types\/post"}],"author":[{"embeddable":true,"href":"https:\/\/www.messinaoggi.it\/website\/wp-json\/wp\/v2\/users\/8"}],"replies":[{"embeddable":true,"href":"https:\/\/www.messinaoggi.it\/website\/wp-json\/wp\/v2\/comments?post=37324"}],"version-history":[{"count":0,"href":"https:\/\/www.messinaoggi.it\/website\/wp-json\/wp\/v2\/posts\/37324\/revisions"}],"wp:featuredmedia":[{"embeddable":true,"href":"https:\/\/www.messinaoggi.it\/website\/wp-json\/wp\/v2\/media\/37326"}],"wp:attachment":[{"href":"https:\/\/www.messinaoggi.it\/website\/wp-json\/wp\/v2\/media?parent=37324"}],"wp:term":[{"taxonomy":"category","embeddable":true,"href":"https:\/\/www.messinaoggi.it\/website\/wp-json\/wp\/v2\/categories?post=37324"},{"taxonomy":"post_tag","embeddable":true,"href":"https:\/\/www.messinaoggi.it\/website\/wp-json\/wp\/v2\/tags?post=37324"}],"curies":[{"name":"wp","href":"https:\/\/api.w.org\/{rel}","templated":true}]}}