{"id":37300,"date":"2019-10-03T11:19:16","date_gmt":"2019-10-03T09:19:16","guid":{"rendered":"https:\/\/www.messinaoggi.it\/website\/?p=37300"},"modified":"2019-10-03T11:19:16","modified_gmt":"2019-10-03T09:19:16","slug":"barcellona-domani-linaugurazione-dellambulatorio-veterinario-comunale","status":"publish","type":"post","link":"https:\/\/www.messinaoggi.it\/website\/2019\/10\/03\/barcellona-domani-linaugurazione-dellambulatorio-veterinario-comunale\/","title":{"rendered":"Barcellona, domani l&#039;inaugurazione dell&#039;Ambulatorio veterinario comunale"},"content":{"rendered":"<p>Alle 11 di domani si terr\u00e0 a Barcellona Pozzo di Gotto, presso il locale presidio-sanitario ubicato in via Sant\u2019Andrea, l\u2019inaugurazione dell\u2019Ambulatorio veterinario comunale. Grande la soddisfazione del sindaco Roberto Materia e dell\u2019assessore alle Politiche a tutela degli animali Angelita Pino, da sempre sensibile alla tematica: &#8220;<em>Per la citt\u00e0 di Barcellona Pozzo di Gotto si tratta di un risultato importantissimo, <\/em>&#8211; dichiara Pino &#8211;<em> atteso che presso il nuovo presidio verr\u00e0 implementato il servizio di microchippatura, nonch\u00e9 riattivato il servizio di sterilizzazione, che era stato chiuso gi\u00e0 nel 2013<\/em>&#8220;.<br \/>\n&#8220;<em>Grazie dunque al Direttore generale dell\u2019Asp di Messina Paolo La Paglia<\/em> &#8211; prosegue l&#8217;assessore &#8211; <em>che sin dallo scorso 11 luglio, nel corso di un incontro avuto con il sindaco Materia, ha mostrato profonda apertura e disponibilit\u00e0 ai fini della riattivazione di tale servizio, previo impegno da parte del comune di Barcellona Pozzo di Gotto a mettere a disposizione nuovi ed idonei locali, ripartir\u00e0 un servizio ritenuto fondamentale e di decisiva importanza ai fini della lotta al randagismo, da sempre priorit\u00e0 di questa Amministrazione comunale.<\/em><br \/>\nLa lotta al randagismo, disciplinata dalla legge regionale 15\/2000 e dai relativi decreti di attuazione, prevede l\u2019azione sinergica di enti, istituzioni ed associazioni, e, come rilevato da Pino, &#8220;<em>\u00e8 ci\u00f2 che \u00e8 avvenuto nel caso di specie, laddove un perfetto lavoro di squadra ha dato finalmente il risultato auspicato, nella consapevolezza che si tratta soltanto di un primo, ma decisivo tassello per contrastare il drammatico problema del randagismo e del continuo ed indiscriminato abbandono di cucciolate sul nostro territorio.<\/em><br \/>\n&#8220;<em>Adesso attendiamo con curiosit\u00e0 la cerimonia di inaugurazione per scoprire questi nuovi locali nei quali verr\u00e0 certamente svolto un servizio che potremmo definire di pubblica utilit\u00e0 per la citt\u00e0 del Longano. Ottima quindi la sinergia fra Asp di Messina ed Amministrazione comunale, che ha permesso il raggiungimento dell\u2019obiettivo<\/em>&#8220;.<div id=\"div-gpt-ad-Messinaoggi.it-DSK-300x250-corpoart\" style=\"text-align:center;margin:0 auto;\"><\/div><\/p>\n<div id=\"videoincontent\" style=\"clear:both\";><\/div>","protected":false},"excerpt":{"rendered":"<p>Alle 11 di domani si terr\u00e0 a Barcellona Pozzo di Gotto, presso il locale presidio-sanitario ubicato in via Sant\u2019Andrea, l\u2019inaugurazione dell\u2019Ambulatorio veterinario comunale. Grande la soddisfazione del sindaco Roberto Materia e dell\u2019assessore alle Politiche a tutela degli animali Angelita Pino, da sempre sensibile alla tematica: &#8220;Per la citt\u00e0 di Barcellona Pozzo di Gotto si tratta [&hellip;]<\/p>\n","protected":false},"author":8,"featured_media":35248,"comment_status":"closed","ping_status":"open","sticky":false,"template":"","format":"standard","meta":{"ub_ctt_via":"","_mi_skip_tracking":false},"categories":[13,14],"tags":[],"featured_image_src":"https:\/\/www.messinaoggi.it\/website\/wp-content\/uploads\/2019\/07\/cani-randagi-2.jpg","author_info":{"display_name":"red..me","author_link":"https:\/\/www.messinaoggi.it\/website\/author\/redstage\/"},"digistream_id":0,"digistream":false,"_links":{"self":[{"href":"https:\/\/www.messinaoggi.it\/website\/wp-json\/wp\/v2\/posts\/37300"}],"collection":[{"href":"https:\/\/www.messinaoggi.it\/website\/wp-json\/wp\/v2\/posts"}],"about":[{"href":"https:\/\/www.messinaoggi.it\/website\/wp-json\/wp\/v2\/types\/post"}],"author":[{"embeddable":true,"href":"https:\/\/www.messinaoggi.it\/website\/wp-json\/wp\/v2\/users\/8"}],"replies":[{"embeddable":true,"href":"https:\/\/www.messinaoggi.it\/website\/wp-json\/wp\/v2\/comments?post=37300"}],"version-history":[{"count":0,"href":"https:\/\/www.messinaoggi.it\/website\/wp-json\/wp\/v2\/posts\/37300\/revisions"}],"wp:featuredmedia":[{"embeddable":true,"href":"https:\/\/www.messinaoggi.it\/website\/wp-json\/wp\/v2\/media\/35248"}],"wp:attachment":[{"href":"https:\/\/www.messinaoggi.it\/website\/wp-json\/wp\/v2\/media?parent=37300"}],"wp:term":[{"taxonomy":"category","embeddable":true,"href":"https:\/\/www.messinaoggi.it\/website\/wp-json\/wp\/v2\/categories?post=37300"},{"taxonomy":"post_tag","embeddable":true,"href":"https:\/\/www.messinaoggi.it\/website\/wp-json\/wp\/v2\/tags?post=37300"}],"curies":[{"name":"wp","href":"https:\/\/api.w.org\/{rel}","templated":true}]}}