{"id":37292,"date":"2019-10-03T10:00:03","date_gmt":"2019-10-03T08:00:03","guid":{"rendered":"https:\/\/www.messinaoggi.it\/website\/?p=37292"},"modified":"2019-10-03T10:00:03","modified_gmt":"2019-10-03T08:00:03","slug":"precari-asu-ars-approva-emendamento-per-la-loro-stabilizzazione","status":"publish","type":"post","link":"https:\/\/www.messinaoggi.it\/website\/2019\/10\/03\/precari-asu-ars-approva-emendamento-per-la-loro-stabilizzazione\/","title":{"rendered":"Precari Asu, Ars approva emendamento per la loro stabilizzazione"},"content":{"rendered":"<p>Buone nuove per i lavoratori Asu in Sicilia, per i quali \u00e8 stato recentemente approvato all&#8217;Ars un emendamento che di fatto suggella la stabilizzazione delle loro posizioni lavorative, ponendo cos\u00ec la parola fine al capitolo sul precariato di cui si era discusso pi\u00f9 volte in quest&#8217;ultimo periodo.<br \/>\nChi pi\u00f9 chi meno, tale decisione \u00e8 stata accolta favorevolmente da pi\u00f9 parti all\u2019Ars. \u201c<em>Sebbene il nostro emendamento sia stato stralciato nella riscrittura del Governo, siamo comunque riusciti a far mantenere un emendamento che di fatto impegna l\u2019esecutivo regionale ad andare nella direzione della stabilizzazione<\/em>\u201d, commenta al riguardo il deputato regionale del Movimento 5 Stelle Giovanni Di Caro. \u201c<em>L\u2019approvazione dell\u2019emendamento \u00e8 un segno di grande maturit\u00e0 politica. Condividere la felicit\u00e0 con i tanti, ormai per poco, lavoratori precari \u00e8 la cosa pi\u00f9 bella che pu\u00f2 capitare a chi come me sta lontano dal populismo e dalle vane promesse<\/em>\u201d, afferma il deputato di Forza Italia all&#8217;Ars Michele Mancuso.<div id=\"div-gpt-ad-Messinaoggi.it-DSK-300x250-corpoart\" style=\"text-align:center;margin:0 auto;\"><\/div><\/p>\n<div id=\"videoincontent\" style=\"clear:both\";><\/div>","protected":false},"excerpt":{"rendered":"<p>Buone nuove per i lavoratori Asu in Sicilia, per i quali \u00e8 stato recentemente approvato all&#8217;Ars un emendamento che di fatto suggella la stabilizzazione delle loro posizioni lavorative, ponendo cos\u00ec la parola fine al capitolo sul precariato di cui si era discusso pi\u00f9 volte in quest&#8217;ultimo periodo. Chi pi\u00f9 chi meno, tale decisione \u00e8 stata [&hellip;]<\/p>\n","protected":false},"author":8,"featured_media":12060,"comment_status":"closed","ping_status":"open","sticky":false,"template":"","format":"standard","meta":{"ub_ctt_via":"","_mi_skip_tracking":false},"categories":[11],"tags":[],"featured_image_src":"https:\/\/www.messinaoggi.it\/website\/wp-content\/uploads\/2017\/11\/palazzo-dei-normanni-sede-Ars-Palermo-messinaoggiMR.jpg","author_info":{"display_name":"red..me","author_link":"https:\/\/www.messinaoggi.it\/website\/author\/redstage\/"},"digistream_id":0,"digistream":false,"_links":{"self":[{"href":"https:\/\/www.messinaoggi.it\/website\/wp-json\/wp\/v2\/posts\/37292"}],"collection":[{"href":"https:\/\/www.messinaoggi.it\/website\/wp-json\/wp\/v2\/posts"}],"about":[{"href":"https:\/\/www.messinaoggi.it\/website\/wp-json\/wp\/v2\/types\/post"}],"author":[{"embeddable":true,"href":"https:\/\/www.messinaoggi.it\/website\/wp-json\/wp\/v2\/users\/8"}],"replies":[{"embeddable":true,"href":"https:\/\/www.messinaoggi.it\/website\/wp-json\/wp\/v2\/comments?post=37292"}],"version-history":[{"count":0,"href":"https:\/\/www.messinaoggi.it\/website\/wp-json\/wp\/v2\/posts\/37292\/revisions"}],"wp:featuredmedia":[{"embeddable":true,"href":"https:\/\/www.messinaoggi.it\/website\/wp-json\/wp\/v2\/media\/12060"}],"wp:attachment":[{"href":"https:\/\/www.messinaoggi.it\/website\/wp-json\/wp\/v2\/media?parent=37292"}],"wp:term":[{"taxonomy":"category","embeddable":true,"href":"https:\/\/www.messinaoggi.it\/website\/wp-json\/wp\/v2\/categories?post=37292"},{"taxonomy":"post_tag","embeddable":true,"href":"https:\/\/www.messinaoggi.it\/website\/wp-json\/wp\/v2\/tags?post=37292"}],"curies":[{"name":"wp","href":"https:\/\/api.w.org\/{rel}","templated":true}]}}