{"id":37287,"date":"2019-10-03T09:40:59","date_gmt":"2019-10-03T07:40:59","guid":{"rendered":"https:\/\/www.messinaoggi.it\/website\/?p=37287"},"modified":"2019-10-03T09:40:59","modified_gmt":"2019-10-03T07:40:59","slug":"sinagra-dipendenti-senza-stipendio-il-csa-incontra-lamministrazione","status":"publish","type":"post","link":"https:\/\/www.messinaoggi.it\/website\/2019\/10\/03\/sinagra-dipendenti-senza-stipendio-il-csa-incontra-lamministrazione\/","title":{"rendered":"Sinagra, dipendenti senza stipendio: il Csa incontra l&#039;Amministrazione"},"content":{"rendered":"<p>Non sembrerebbe che se la passino meglio dei colleghi orlandini i dipendenti comunali di Sinagra. Infatti, i lavoratori del piccolo comune nebroideo si trovano nella stessa situazione di quelli del comune di Capo d\u2019Orlando, vale a dire non incassano uno stipendio da tre mesi a questa parte.<div id=\"div-gpt-ad-Messinaoggi.it-DSK-300x250-corpoart\" style=\"text-align:center;margin:0 auto;\"><\/div><\/p>\n<blockquote class=\"wp-embedded-content\" data-secret=\"qvfmkVn9YB\"><p><a href=\"https:\/\/www.messinaoggi.it\/website\/2019\/10\/01\/capo-dorlando-sindaco-salta-lincontro-col-csa-pronti-a-protestare\/\">Capo d&#039;Orlando, sindaco salta l&#039;incontro col Csa: &quot;Pronti a protestare&quot;<\/a><div id=\"videoincontent\" style=\"clear:both\";><\/div><\/p><\/blockquote>\n<p><iframe class=\"wp-embedded-content\" sandbox=\"allow-scripts\" security=\"restricted\" style=\"position: absolute; clip: rect(1px, 1px, 1px, 1px);\" title=\"&#8220;Capo d&#039;Orlando, sindaco salta l&#039;incontro col Csa: &quot;Pronti a protestare&quot;&#8221; &#8212; Messina Oggi\" src=\"https:\/\/www.messinaoggi.it\/website\/2019\/10\/01\/capo-dorlando-sindaco-salta-lincontro-col-csa-pronti-a-protestare\/embed\/#?secret=qvfmkVn9YB\" data-secret=\"qvfmkVn9YB\" width=\"500\" height=\"282\" frameborder=\"0\" marginwidth=\"0\" marginheight=\"0\" scrolling=\"no\"><\/iframe><br \/>\nAd intervenire sulla vicenda \u00e8 stato nuovamente il Csa, il quale per il tramite dei dirigenti sindacali Santino Paladino e Clara Croc\u00e8 ha incontrato il sindaco Antonino Musco e gli assessori Marzia Rita Mancuso e Giuseppe Ioppolo per trovare una possibile soluzione.<br \/>\n&#8220;<em>Il primo cittadino <\/em>&#8211; si legge in una nota del Csa &#8211;<em> ha chiarito che non si riesce a garantire gli emolumenti dei lavoratori perch\u00e9 al momento dell\u2019insediamento a giugno 2017 l\u2019esecutivo ha trovato le casse vuote. Impossibile anche il ricorso alle anticipazioni di Tesoreria perch\u00e9 la precedente amministrazione, pur potendo contare su una liquidit\u00e0 di un milione 600 mila euro, ha lasciato il Comune senza fondi e con tre mesi di salari arretrati da pagare. Stando a quanto riferito da Musco, l&#8217;attuale Giunta in un primo momento \u00e8 riuscita a pareggiare quanto dovuto ai dipendenti, ma poi i lavoratori non \u00e8 pi\u00f9 stato possibile a causa di una norma nazionale che riduce il ricorso all&#8217;anticipazione di tesoreria da parte degli enti locali da 600 mila a 300 mila euro. In ogni caso, il sindaco ha garantito che tra la fine di settembre e i primi di ottobre pagheranno due mensilit\u00e0.<\/em><br \/>\n&#8220;<em>Abbiamo chiesto anche quali siano i provvedimenti messi in atto per cercare di risollevare il Comune dal disastro finanziario e il primo cittadino ha chiarito che tramite l&#8217;Anci si sta lavorando per modificare la legge e che l\u2019esecutivo si sta muovendo per attivare provvedimenti che garantiscano maggiori entrate tributarie e per individuare altre misure che dovrebbero consentire a fine mandato una maggiore stabilit\u00e0 economica. Abbiamo poi chiesto assicurazioni anche in merito alla contrattazione collettiva, ferma da troppo tempo, e Musco si \u00e8 dichiarato disponibile a condividere delle soluzioni con il nostro sindacato.<\/em><br \/>\n&#8220;<em>Siamo soddisfatti dell&#8217;incontro. <\/em>&#8211; hanno concluso Santino Paladino e Clara Croc\u00e8 &#8211; <em>Manderemo la nostra proposta all\u2019amministrazione per sboccare la contrattazione e siamo disponibili a condividere un percorso che porti al risanamento dell&#8217;ente, nell&#8217;interesse dei cittadini e dei lavoratori<\/em>&#8220;.<\/p>\n","protected":false},"excerpt":{"rendered":"<p>Non sembrerebbe che se la passino meglio dei colleghi orlandini i dipendenti comunali di Sinagra. Infatti, i lavoratori del piccolo comune nebroideo si trovano nella stessa situazione di quelli del comune di Capo d\u2019Orlando, vale a dire non incassano uno stipendio da tre mesi a questa parte. Capo d&#039;Orlando, sindaco salta l&#039;incontro col Csa: &quot;Pronti [&hellip;]<\/p>\n","protected":false},"author":8,"featured_media":37291,"comment_status":"closed","ping_status":"open","sticky":false,"template":"","format":"standard","meta":{"ub_ctt_via":"","_mi_skip_tracking":false},"categories":[13,18],"tags":[],"featured_image_src":"https:\/\/www.messinaoggi.it\/website\/wp-content\/uploads\/2019\/10\/CSA-vertenza-Sinagra.jpg","author_info":{"display_name":"red..me","author_link":"https:\/\/www.messinaoggi.it\/website\/author\/redstage\/"},"digistream_id":0,"digistream":false,"_links":{"self":[{"href":"https:\/\/www.messinaoggi.it\/website\/wp-json\/wp\/v2\/posts\/37287"}],"collection":[{"href":"https:\/\/www.messinaoggi.it\/website\/wp-json\/wp\/v2\/posts"}],"about":[{"href":"https:\/\/www.messinaoggi.it\/website\/wp-json\/wp\/v2\/types\/post"}],"author":[{"embeddable":true,"href":"https:\/\/www.messinaoggi.it\/website\/wp-json\/wp\/v2\/users\/8"}],"replies":[{"embeddable":true,"href":"https:\/\/www.messinaoggi.it\/website\/wp-json\/wp\/v2\/comments?post=37287"}],"version-history":[{"count":0,"href":"https:\/\/www.messinaoggi.it\/website\/wp-json\/wp\/v2\/posts\/37287\/revisions"}],"wp:featuredmedia":[{"embeddable":true,"href":"https:\/\/www.messinaoggi.it\/website\/wp-json\/wp\/v2\/media\/37291"}],"wp:attachment":[{"href":"https:\/\/www.messinaoggi.it\/website\/wp-json\/wp\/v2\/media?parent=37287"}],"wp:term":[{"taxonomy":"category","embeddable":true,"href":"https:\/\/www.messinaoggi.it\/website\/wp-json\/wp\/v2\/categories?post=37287"},{"taxonomy":"post_tag","embeddable":true,"href":"https:\/\/www.messinaoggi.it\/website\/wp-json\/wp\/v2\/tags?post=37287"}],"curies":[{"name":"wp","href":"https:\/\/api.w.org\/{rel}","templated":true}]}}