{"id":37266,"date":"2019-10-02T09:26:24","date_gmt":"2019-10-02T07:26:24","guid":{"rendered":"https:\/\/www.messinaoggi.it\/website\/?p=37266"},"modified":"2019-10-02T09:26:24","modified_gmt":"2019-10-02T07:26:24","slug":"fondo-unico-spettacolo-de-domenico-la-regione-valorizzi-il-nostro-patrimonio","status":"publish","type":"post","link":"https:\/\/www.messinaoggi.it\/website\/2019\/10\/02\/fondo-unico-spettacolo-de-domenico-la-regione-valorizzi-il-nostro-patrimonio\/","title":{"rendered":"Fondo unico spettacolo, De Domenico: &quot;La Regione valorizzi il nostro patrimonio&quot;"},"content":{"rendered":"<p class=\"p1\"><span class=\"s1\">Le risorse che la nostra Regione destina alla divulgazione della cultura musicale e per la gestione degli enti teatrali sono ogni anno pi\u00f9 scarse e, comunque, insufficienti a dare risposte adeguate ad un settore che, in altre realt\u00e0 territoriali, \u00e8 destinatario di ben altre attenzioni.<\/span><div id=\"div-gpt-ad-Messinaoggi.it-DSK-300x250-corpoart\" style=\"text-align:center;margin:0 auto;\"><\/div><\/p>\n<p class=\"p2\"><span class=\"s1\">Per questo motivo &#8211; afferma l\u2019On.le Franco De Domenico &#8211; ho interrogato il Presidente della Regione per sapere come intende valorizzare le attivit\u00e0 musicali degli Enti pubblici teatrali e degli altri soggetti che ne garantiscono la diffusione e lo sviluppo, nonch\u00e9 quali misure concrete il Governo intenda adottare affinch\u00e9 le Associazioni concertistiche, maggiormente rappresentative e di comprovata stabilit\u00e0 ed esperienza pluriennale, possano svolgere con dignit\u00e0 e decoro le attivit\u00e0 culturali previste dalla legge.<\/span><div id=\"videoincontent\" style=\"clear:both\";><\/div><\/p>\n<p class=\"p2\"><span class=\"s1\">La materia \u00e8 disciplinata, infatti, dalla legge regionale n. 44 del 1985, finalizzata a favorire &#8220;<i>la ricerca, la conoscenza e l&#8217;ampia divulgazione della cultura musicale nel proprio territorio<\/i>&#8221; e che definisce le attivit\u00e0 musicologiche e musicali di genere sinfonico, lirico, cameristico, jazz, popolare e corale come &#8220;<i>un servizio di rilevante interesse culturale e sociale<\/i>&#8220;, e dall\u2019art. 65 della legge regionale n. 9 del 2015 che ha istituito il Fondo Unico Regionale Spettacolo (FURS), finalizzato &#8220;<i>a sostenere ed incrementare le attivit\u00e0 di enti, associazioni, cooperative e fondazioni che abbiano sede legale in Sicilia da almeno tre anni e siano operanti nei settori del teatro, della musica, della danza<\/i>&#8220;;<\/span><\/p>\n<p class=\"p2\"><span class=\"s1\">Orbene \u00a0\u2013 aggiunge l\u2019On.le De Domenico \u2013 ritengo indispensabile incrementare sia le risorse destinate agli Enti Teatrali pubblici che, altres\u00ec, quelle che il Fondo Unico Regionale Spettacolo (FURS) attribuisce a soggetti e enti privati, che spesso in tante realt\u00e0 territoriali sopperiscono alle carenze di programmazione degli enti pubblici, favorendo &#8220;<i>la ricerca, la conoscenza e l&#8217;ampia divulgazione della cultura musicale nel proprio territorio<\/i>&#8220;, altrimenti assolutamente insufficienti.<\/span><\/p>\n<p class=\"p2\"><span class=\"s1\">In particolare, ho chiesto che siano valorizzate le attivit\u00e0 di quegli enti come l\u2019Accademia Filarmonica di Messina (Ente morale, storicamente operante nella Citt\u00e0 di Messina, anche negli anni bui in cui la citt\u00e0 fu privata del Teatro Vittorio Emanuele).<\/span><\/p>\n<p class=\"p2\"><span class=\"s1\">Il Fondo Unico Regionale Spettacolo, infatti, sebbene abbia introdotto strumenti di perequazione tra enti pubblici e privati, prevedendo che il suddetto fondo venga destinato in misura non inferiore al 50% a tali soggetti, in concreto, non trova applicazione, poich\u00e9 sullo stesso fondo \u00e8 praticata una riserva, destinata agli Enti a partecipazione pubblica, che esaurisce quasi del tutto le risorse, insufficienti, pertanto, a finanziare le Associazioni concertistiche, come l\u2019Accademia Filarmonica che costituiscono patrimonio storico della Regione.<\/span><\/p>\n","protected":false},"excerpt":{"rendered":"<p>Le risorse che la nostra Regione destina alla divulgazione della cultura musicale e per la gestione degli enti teatrali sono ogni anno pi\u00f9 scarse e, comunque, insufficienti a dare risposte adeguate ad un settore che, in altre realt\u00e0 territoriali, \u00e8 destinatario di ben altre attenzioni. Per questo motivo &#8211; afferma l\u2019On.le Franco De Domenico &#8211; [&hellip;]<\/p>\n","protected":false},"author":2,"featured_media":35427,"comment_status":"closed","ping_status":"open","sticky":false,"template":"","format":"standard","meta":{"ub_ctt_via":"","_mi_skip_tracking":false},"categories":[11],"tags":[],"featured_image_src":"https:\/\/www.messinaoggi.it\/website\/wp-content\/uploads\/2019\/07\/franco-de-domenico.jpg","author_info":{"display_name":"Redazione","author_link":"https:\/\/www.messinaoggi.it\/website\/author\/redazione\/"},"digistream_id":0,"digistream":false,"_links":{"self":[{"href":"https:\/\/www.messinaoggi.it\/website\/wp-json\/wp\/v2\/posts\/37266"}],"collection":[{"href":"https:\/\/www.messinaoggi.it\/website\/wp-json\/wp\/v2\/posts"}],"about":[{"href":"https:\/\/www.messinaoggi.it\/website\/wp-json\/wp\/v2\/types\/post"}],"author":[{"embeddable":true,"href":"https:\/\/www.messinaoggi.it\/website\/wp-json\/wp\/v2\/users\/2"}],"replies":[{"embeddable":true,"href":"https:\/\/www.messinaoggi.it\/website\/wp-json\/wp\/v2\/comments?post=37266"}],"version-history":[{"count":0,"href":"https:\/\/www.messinaoggi.it\/website\/wp-json\/wp\/v2\/posts\/37266\/revisions"}],"wp:featuredmedia":[{"embeddable":true,"href":"https:\/\/www.messinaoggi.it\/website\/wp-json\/wp\/v2\/media\/35427"}],"wp:attachment":[{"href":"https:\/\/www.messinaoggi.it\/website\/wp-json\/wp\/v2\/media?parent=37266"}],"wp:term":[{"taxonomy":"category","embeddable":true,"href":"https:\/\/www.messinaoggi.it\/website\/wp-json\/wp\/v2\/categories?post=37266"},{"taxonomy":"post_tag","embeddable":true,"href":"https:\/\/www.messinaoggi.it\/website\/wp-json\/wp\/v2\/tags?post=37266"}],"curies":[{"name":"wp","href":"https:\/\/api.w.org\/{rel}","templated":true}]}}