{"id":37241,"date":"2019-10-01T12:40:24","date_gmt":"2019-10-01T10:40:24","guid":{"rendered":"https:\/\/www.messinaoggi.it\/website\/?p=37241"},"modified":"2019-10-01T12:40:24","modified_gmt":"2019-10-01T10:40:24","slug":"gioveni-al-neo-assessore-caruso-faccia-tornare-la-notte-della-cultura","status":"publish","type":"post","link":"https:\/\/www.messinaoggi.it\/website\/2019\/10\/01\/gioveni-al-neo-assessore-caruso-faccia-tornare-la-notte-della-cultura\/","title":{"rendered":"Gioveni al neo assessore Caruso: &quot;Faccia tornare la notte della cultura&quot;"},"content":{"rendered":"<p><!-- [if gte mso 9]&gt;--><br \/>\n<!-- [if gte mso 9]&gt;--><div id=\"div-gpt-ad-Messinaoggi.it-DSK-300x250-corpoart\" style=\"text-align:center;margin:0 auto;\"><\/div><\/p>\n<p class=\"MsoNormal\"><span style=\"font-size: 12.0pt;line-height: 107%;font-family: 'Arial',sans-serif\">\u201c<i>La nuova nomina del professor Enzo Caruso ad assessore alla Cultura mi d\u00e0 lo spunto per chiedere al neo esponente della giunta De Luca di valutare concretamente l&#8217;opportunit\u00e0 di organizzare in citt\u00e0 la riuscitissima e tanto apprezzata manifestazione della \u2018notte della cultura\u2019, che manca in citt\u00e0 ormai da diversi anni<\/i>\u201d. Questa la proposta avanzata dal consigliere comunale Libero Gioveni al nuovo assessore alla Cultura Enzo Caruso.<\/span><div id=\"videoincontent\" style=\"clear:both\";><\/div><\/p>\n<p class=\"MsoNormal\"><span style=\"font-size: 12.0pt;line-height: 107%;font-family: 'Arial',sans-serif\"> \u201c<i>Diventa fondamentale<\/i> &#8211; prosegue Gioveni &#8211; <i>coinvolgere per l&#8217;importante evento artisti vari, associazioni, chiese, scuole, corali ecc. con una serie di iniziative che riusciranno senz&#8217;altro a soddisfare la grande \u2018fame di cultura\u2019 che hanno improvvisamente scoperto di avere i cittadini messinesi, dimostrata dall&#8217;elevata partecipazione all&#8217;evento negli anni precedenti.<br \/>\n<\/i><br \/>\n\u201c<i>Appare superfluo elencare i tanti eventi espositivi, concerti, mostre o le pi\u00f9 disparate espressioni artistiche che hanno caratterizzato le bellissime notti bianche cittadine, ma su tutti non si possono non ricordare, per esempio, l\u2019esposizione della \u2018Vucciria\u2019 di Guttuso al Teatro Vittorio Emanuele nella seconda edizione del 2010, oppure la grande infiorata a piazza Duomo allestita nel 2011.<\/i><\/span><\/p>\n<p>\u201c<i>Pertanto, confidando nella competenza ed esperienza del professor Caruso, auspico che fra le prime iniziative del neo assessore vi sia proprio quello di far tornare a splendere Messina per una notte fra le luci di musei, chiese, piazze, scuole e teatri in cui poter gustare tutto ci\u00f2 che \u00e8 arte e cultura nelle sue pi\u00f9 disparate forme<\/i>\u201d.<\/p>\n","protected":false},"excerpt":{"rendered":"<p>\u201cLa nuova nomina del professor Enzo Caruso ad assessore alla Cultura mi d\u00e0 lo spunto per chiedere al neo esponente della giunta De Luca di valutare concretamente l&#8217;opportunit\u00e0 di organizzare in citt\u00e0 la riuscitissima e tanto apprezzata manifestazione della \u2018notte della cultura\u2019, che manca in citt\u00e0 ormai da diversi anni\u201d. Questa la proposta avanzata dal [&hellip;]<\/p>\n","protected":false},"author":8,"featured_media":1876,"comment_status":"closed","ping_status":"open","sticky":false,"template":"","format":"standard","meta":{"ub_ctt_via":"","_mi_skip_tracking":false},"categories":[4],"tags":[],"featured_image_src":"https:\/\/www.messinaoggi.it\/website\/wp-content\/uploads\/2017\/06\/Gioveni-LIbero-2.jpg","author_info":{"display_name":"red..me","author_link":"https:\/\/www.messinaoggi.it\/website\/author\/redstage\/"},"digistream_id":0,"digistream":false,"_links":{"self":[{"href":"https:\/\/www.messinaoggi.it\/website\/wp-json\/wp\/v2\/posts\/37241"}],"collection":[{"href":"https:\/\/www.messinaoggi.it\/website\/wp-json\/wp\/v2\/posts"}],"about":[{"href":"https:\/\/www.messinaoggi.it\/website\/wp-json\/wp\/v2\/types\/post"}],"author":[{"embeddable":true,"href":"https:\/\/www.messinaoggi.it\/website\/wp-json\/wp\/v2\/users\/8"}],"replies":[{"embeddable":true,"href":"https:\/\/www.messinaoggi.it\/website\/wp-json\/wp\/v2\/comments?post=37241"}],"version-history":[{"count":0,"href":"https:\/\/www.messinaoggi.it\/website\/wp-json\/wp\/v2\/posts\/37241\/revisions"}],"wp:featuredmedia":[{"embeddable":true,"href":"https:\/\/www.messinaoggi.it\/website\/wp-json\/wp\/v2\/media\/1876"}],"wp:attachment":[{"href":"https:\/\/www.messinaoggi.it\/website\/wp-json\/wp\/v2\/media?parent=37241"}],"wp:term":[{"taxonomy":"category","embeddable":true,"href":"https:\/\/www.messinaoggi.it\/website\/wp-json\/wp\/v2\/categories?post=37241"},{"taxonomy":"post_tag","embeddable":true,"href":"https:\/\/www.messinaoggi.it\/website\/wp-json\/wp\/v2\/tags?post=37241"}],"curies":[{"name":"wp","href":"https:\/\/api.w.org\/{rel}","templated":true}]}}