{"id":37220,"date":"2019-10-01T08:30:48","date_gmt":"2019-10-01T06:30:48","guid":{"rendered":"https:\/\/www.messinaoggi.it\/website\/?p=37220"},"modified":"2019-10-01T08:30:48","modified_gmt":"2019-10-01T06:30:48","slug":"capo-dorlando-sindaco-salta-lincontro-col-csa-pronti-a-protestare","status":"publish","type":"post","link":"https:\/\/www.messinaoggi.it\/website\/2019\/10\/01\/capo-dorlando-sindaco-salta-lincontro-col-csa-pronti-a-protestare\/","title":{"rendered":"Capo d&#039;Orlando, sindaco salta l&#039;incontro col Csa: &quot;Pronti a protestare&quot;"},"content":{"rendered":"<p>\u201c<em>I dipendenti del Comune di Capo d\u2019Orlando sono senza stipendio da 3 mesi, ma il sindaco non si presenta all\u2019incontro fissato in Prefettura. Il tavolo, presieduto dal viceprefetto aggiunto Antonio Gull\u00ec, \u00e8 saltato e il tentativo di raffreddamento \u00e8 fallito<\/em>\u201d. \u00c8 una dichiarazione di guerra quella del Csa nei confronti dell\u2019Amministrazione comunale orlandina. Il <em>casus belli<\/em> \u00e8 rappresentato dalla decisione del primo cittadino di disertare l\u2019appuntamento previsto ieri in Prefettura, nell\u2019ambito del quale si sarebbe dovuto discutere dei ritardi nei pagamenti degli stipendi dei dipendenti comunali: adesso il sindacato autonomo minaccia di voler passare alle maniere forti attraverso la proclamazione dello stato di agitazione del personale.<br \/>\n\u201c<em>Chiediamo al sindaco l\u2019immediata convocazione di un tavolo tecnico nel quale si possa finalmente discutere delle reali condizioni del Comune e delle misure urgenti da intraprendere<\/em> &#8211; dichiara la dirigente sindacale Clara Croc\u00e8. &#8211; <em>Basta con promesse che non mantenute: i 200 dipendenti e le loro famiglie, che da tre mesi patiscono una situazione insostenibile, hanno diritto alla stabilit\u00e0 economica e al rispetto dell\u2019amministrazione orlandina. Sottrarsi a un incontro fissato in Prefettura \u00e8 una grave mancanza di riguardo non solo verso i lavoratori e i sindacati ma anche verso l\u2019istituzione pi\u00f9 importante del territorio e ci auguriamo che il sindaco Ingrill\u00ec si renda conto anche di questo<\/em>\u201d.<div id=\"div-gpt-ad-Messinaoggi.it-DSK-300x250-corpoart\" style=\"text-align:center;margin:0 auto;\"><\/div><\/p>\n<div id=\"videoincontent\" style=\"clear:both\";><\/div>","protected":false},"excerpt":{"rendered":"<p>\u201cI dipendenti del Comune di Capo d\u2019Orlando sono senza stipendio da 3 mesi, ma il sindaco non si presenta all\u2019incontro fissato in Prefettura. Il tavolo, presieduto dal viceprefetto aggiunto Antonio Gull\u00ec, \u00e8 saltato e il tentativo di raffreddamento \u00e8 fallito\u201d. \u00c8 una dichiarazione di guerra quella del Csa nei confronti dell\u2019Amministrazione comunale orlandina. Il casus [&hellip;]<\/p>\n","protected":false},"author":8,"featured_media":2180,"comment_status":"closed","ping_status":"open","sticky":false,"template":"","format":"standard","meta":{"ub_ctt_via":"","_mi_skip_tracking":false},"categories":[13,14],"tags":[],"featured_image_src":"https:\/\/www.messinaoggi.it\/website\/wp-content\/uploads\/2017\/06\/clara-croce-cgil-2.jpg","author_info":{"display_name":"red..me","author_link":"https:\/\/www.messinaoggi.it\/website\/author\/redstage\/"},"digistream_id":0,"digistream":false,"_links":{"self":[{"href":"https:\/\/www.messinaoggi.it\/website\/wp-json\/wp\/v2\/posts\/37220"}],"collection":[{"href":"https:\/\/www.messinaoggi.it\/website\/wp-json\/wp\/v2\/posts"}],"about":[{"href":"https:\/\/www.messinaoggi.it\/website\/wp-json\/wp\/v2\/types\/post"}],"author":[{"embeddable":true,"href":"https:\/\/www.messinaoggi.it\/website\/wp-json\/wp\/v2\/users\/8"}],"replies":[{"embeddable":true,"href":"https:\/\/www.messinaoggi.it\/website\/wp-json\/wp\/v2\/comments?post=37220"}],"version-history":[{"count":0,"href":"https:\/\/www.messinaoggi.it\/website\/wp-json\/wp\/v2\/posts\/37220\/revisions"}],"wp:featuredmedia":[{"embeddable":true,"href":"https:\/\/www.messinaoggi.it\/website\/wp-json\/wp\/v2\/media\/2180"}],"wp:attachment":[{"href":"https:\/\/www.messinaoggi.it\/website\/wp-json\/wp\/v2\/media?parent=37220"}],"wp:term":[{"taxonomy":"category","embeddable":true,"href":"https:\/\/www.messinaoggi.it\/website\/wp-json\/wp\/v2\/categories?post=37220"},{"taxonomy":"post_tag","embeddable":true,"href":"https:\/\/www.messinaoggi.it\/website\/wp-json\/wp\/v2\/tags?post=37220"}],"curies":[{"name":"wp","href":"https:\/\/api.w.org\/{rel}","templated":true}]}}