{"id":37218,"date":"2019-09-30T19:43:50","date_gmt":"2019-09-30T17:43:50","guid":{"rendered":"https:\/\/www.messinaoggi.it\/website\/?p=37218"},"modified":"2019-09-30T19:43:50","modified_gmt":"2019-09-30T17:43:50","slug":"disgrazia-40-enne-fulminato-da-infarto-su-viale-dei-tigli","status":"publish","type":"post","link":"https:\/\/www.messinaoggi.it\/website\/2019\/09\/30\/disgrazia-40-enne-fulminato-da-infarto-su-viale-dei-tigli\/","title":{"rendered":"Disgrazia, 40 enne fulminato da infarto su viale dei Tigli"},"content":{"rendered":"<p style=\"text-align: justify;\">Un uomo di 40 anni \u00e8 deceduto nel pomeriggio perch\u00e9 colpito da un infarto. La disgrazia s&#8217;\u00e8 verificata nei pressi di un condominio di viale dei Tigli, dove si trovava l&#8217;uomo che risiedeva a Santa Lucia Sopra Contesse.<div id=\"div-gpt-ad-Messinaoggi.it-DSK-300x250-corpoart\" style=\"text-align:center;margin:0 auto;\"><\/div><\/p>\n<p style=\"text-align: justify;\">Nonostante il tempestivo intervento degli uomini del 118 per la vittima non c&#8217;\u00e8 stato nulla da fare. Sul posto sono intervenuti gli agenti delle Volanti i quali hanno avviato le indagini. Sulle cause del decesso non ci sarebbero comunque dubbi.<div id=\"videoincontent\" style=\"clear:both\";><\/div><\/p>\n<p style=\"text-align: justify;\">La zona \u00e8 stata interdetta fino a quando il magistrato di turno non ha disposto la rimozione del cadavere.<\/p>\n","protected":false},"excerpt":{"rendered":"<p>Un uomo di 40 anni \u00e8 deceduto nel pomeriggio perch\u00e9 colpito da un infarto. La disgrazia s&#8217;\u00e8 verificata nei pressi di un condominio di viale dei Tigli, dove si trovava l&#8217;uomo che risiedeva a Santa Lucia Sopra Contesse. Nonostante il tempestivo intervento degli uomini del 118 per la vittima non c&#8217;\u00e8 stato nulla da fare. [&hellip;]<\/p>\n","protected":false},"author":2,"featured_media":37216,"comment_status":"closed","ping_status":"open","sticky":false,"template":"","format":"standard","meta":{"ub_ctt_via":"","_mi_skip_tracking":false},"categories":[19,6],"tags":[],"featured_image_src":"https:\/\/www.messinaoggi.it\/website\/wp-content\/uploads\/2019\/09\/C6978B6B-3267-42E0-97B3-A105E8069E16.jpeg","author_info":{"display_name":"Redazione","author_link":"https:\/\/www.messinaoggi.it\/website\/author\/redazione\/"},"digistream_id":0,"digistream":false,"_links":{"self":[{"href":"https:\/\/www.messinaoggi.it\/website\/wp-json\/wp\/v2\/posts\/37218"}],"collection":[{"href":"https:\/\/www.messinaoggi.it\/website\/wp-json\/wp\/v2\/posts"}],"about":[{"href":"https:\/\/www.messinaoggi.it\/website\/wp-json\/wp\/v2\/types\/post"}],"author":[{"embeddable":true,"href":"https:\/\/www.messinaoggi.it\/website\/wp-json\/wp\/v2\/users\/2"}],"replies":[{"embeddable":true,"href":"https:\/\/www.messinaoggi.it\/website\/wp-json\/wp\/v2\/comments?post=37218"}],"version-history":[{"count":0,"href":"https:\/\/www.messinaoggi.it\/website\/wp-json\/wp\/v2\/posts\/37218\/revisions"}],"wp:featuredmedia":[{"embeddable":true,"href":"https:\/\/www.messinaoggi.it\/website\/wp-json\/wp\/v2\/media\/37216"}],"wp:attachment":[{"href":"https:\/\/www.messinaoggi.it\/website\/wp-json\/wp\/v2\/media?parent=37218"}],"wp:term":[{"taxonomy":"category","embeddable":true,"href":"https:\/\/www.messinaoggi.it\/website\/wp-json\/wp\/v2\/categories?post=37218"},{"taxonomy":"post_tag","embeddable":true,"href":"https:\/\/www.messinaoggi.it\/website\/wp-json\/wp\/v2\/tags?post=37218"}],"curies":[{"name":"wp","href":"https:\/\/api.w.org\/{rel}","templated":true}]}}