{"id":37201,"date":"2019-09-30T09:24:19","date_gmt":"2019-09-30T07:24:19","guid":{"rendered":"https:\/\/www.messinaoggi.it\/website\/?p=37201"},"modified":"2019-09-30T09:24:19","modified_gmt":"2019-09-30T07:24:19","slug":"de-luca-conferma-tutti-gli-assessori-e-inguaia-il-consiglio-comunale","status":"publish","type":"post","link":"https:\/\/www.messinaoggi.it\/website\/2019\/09\/30\/de-luca-conferma-tutti-gli-assessori-e-inguaia-il-consiglio-comunale\/","title":{"rendered":"De Luca conferma tutti gli assessori e inguaia il Consiglio comunale"},"content":{"rendered":"<p>La relazione del primo anno di attivit\u00e0 \u00e8 contenuta in una faldone di oltre mille pagine. Ieri sera, il sindaco Cateno De Luca, ha illustrato i punti salienti della sua attivit\u00e0 amministrativa a piazza Unione Europea. Non c&#8217;era il bagno di folla che aveva accompagnato i comizi della campagna elettorale, ma c&#8217;era sempre tanta gente che altri politici si &#8220;sognano&#8221; di portare in piazza.<br \/>\n<img loading=\"lazy\" class=\"size-medium wp-image-37200 alignright\" src=\"https:\/\/www.messinaoggi.it\/website\/wp-content\/uploads\/2019\/09\/FFCB1115-35C1-45E5-8145-E0D61B99DB15-300x225.jpeg\" alt=\"\" width=\"300\" height=\"225\" \/><br \/>\nIl sindaco ha posto l&#8217;accento sul nuovo corso della sua amministrazione che ha scardinato le vecchie logiche politiche, portate avanti (forse inconsapevolmente), anche dal suo predecessore Renato Accorinti.<br \/>\nL&#8217;appuntamento di ieri \u00e8 stato importante perch\u00e9 il sindaco ha sciolto le riserve sulla composizione della sua giunta municipale. Alcuni assessori erano dati per uscenti, invece De Luca ha conferito loro la fiducia condizionata. Trimarchi e Scattareggia continueranno ad occuparsi delle rispettive deleghe, ma non avranno altre chance. &#8220;Confermo tutti, ha detto il sindaco, ma basa errori&#8221;.<br \/>\nLa Giunta tuttavia sar\u00e0 allargata con l&#8217;ingresso di Caruso, designato da tempo dal sindaco e da un decimo assessore che dovr\u00e0 sceglierlo il Consiglio comunale. Una figura che far\u00e0 da ponte fra giunta e aula consiliare. De Luca, con questa decisione, mostra uno spiccato acume politico perch\u00e9 cos\u00ec facendo metter\u00e0 l&#8217;Aula con le spalle al muro. Se il Civico consesso sceglier\u00e0 mai un proprio rappresentante in Giunta, di fatto consegner\u00e0 la maggioranza al sindaco.<br \/>\n<img loading=\"lazy\" class=\"size-medium wp-image-37199 alignleft\" src=\"https:\/\/www.messinaoggi.it\/website\/wp-content\/uploads\/2019\/09\/3BD373AC-B7A3-4076-90E2-63A9745606BD-300x225.jpeg\" alt=\"\" width=\"300\" height=\"225\" \/><br \/>\nE&#8217; naturale che scoppier\u00e0 la bagarre politica a Palazzo Zanca, dove non si escludono alleanze trasversali, con i Cinquestelle che svolgeranno un ruolo determinante nella caccia alla poltrona: il nuovo corso del &#8220;poltronismo&#8221; \u00e8 stato avviato a Roma ed \u00e8 logico attendersi che anche a Messina, i consiglieri comunali si possano fare tentare dando il proprio appoggio all&#8217;amministrazione comunale con un assessori condiviso con altri partiti.<div id=\"div-gpt-ad-Messinaoggi.it-DSK-300x250-corpoart\" style=\"text-align:center;margin:0 auto;\"><\/div><\/p>\n<div id=\"videoincontent\" style=\"clear:both\";><\/div>","protected":false},"excerpt":{"rendered":"<p>La relazione del primo anno di attivit\u00e0 \u00e8 contenuta in una faldone di oltre mille pagine. Ieri sera, il sindaco Cateno De Luca, ha illustrato i punti salienti della sua attivit\u00e0 amministrativa a piazza Unione Europea. Non c&#8217;era il bagno di folla che aveva accompagnato i comizi della campagna elettorale, ma c&#8217;era sempre tanta gente [&hellip;]<\/p>\n","protected":false},"author":2,"featured_media":37198,"comment_status":"closed","ping_status":"open","sticky":false,"template":"","format":"standard","meta":{"ub_ctt_via":"","_mi_skip_tracking":false},"categories":[19,4],"tags":[],"featured_image_src":"https:\/\/www.messinaoggi.it\/website\/wp-content\/uploads\/2019\/09\/2CFC7F37-0EB7-4004-939F-4CA855B3B2CC.jpeg","author_info":{"display_name":"Redazione","author_link":"https:\/\/www.messinaoggi.it\/website\/author\/redazione\/"},"digistream_id":0,"digistream":false,"_links":{"self":[{"href":"https:\/\/www.messinaoggi.it\/website\/wp-json\/wp\/v2\/posts\/37201"}],"collection":[{"href":"https:\/\/www.messinaoggi.it\/website\/wp-json\/wp\/v2\/posts"}],"about":[{"href":"https:\/\/www.messinaoggi.it\/website\/wp-json\/wp\/v2\/types\/post"}],"author":[{"embeddable":true,"href":"https:\/\/www.messinaoggi.it\/website\/wp-json\/wp\/v2\/users\/2"}],"replies":[{"embeddable":true,"href":"https:\/\/www.messinaoggi.it\/website\/wp-json\/wp\/v2\/comments?post=37201"}],"version-history":[{"count":0,"href":"https:\/\/www.messinaoggi.it\/website\/wp-json\/wp\/v2\/posts\/37201\/revisions"}],"wp:featuredmedia":[{"embeddable":true,"href":"https:\/\/www.messinaoggi.it\/website\/wp-json\/wp\/v2\/media\/37198"}],"wp:attachment":[{"href":"https:\/\/www.messinaoggi.it\/website\/wp-json\/wp\/v2\/media?parent=37201"}],"wp:term":[{"taxonomy":"category","embeddable":true,"href":"https:\/\/www.messinaoggi.it\/website\/wp-json\/wp\/v2\/categories?post=37201"},{"taxonomy":"post_tag","embeddable":true,"href":"https:\/\/www.messinaoggi.it\/website\/wp-json\/wp\/v2\/tags?post=37201"}],"curies":[{"name":"wp","href":"https:\/\/api.w.org\/{rel}","templated":true}]}}