{"id":37190,"date":"2019-09-28T12:23:46","date_gmt":"2019-09-28T10:23:46","guid":{"rendered":"https:\/\/www.messinaoggi.it\/website\/?p=37190"},"modified":"2019-09-28T12:23:46","modified_gmt":"2019-09-28T10:23:46","slug":"relazione-annuale-de-luca-pd-il-consiglio-comunale-avrebbe-meritato-piu-rispetto","status":"publish","type":"post","link":"https:\/\/www.messinaoggi.it\/website\/2019\/09\/28\/relazione-annuale-de-luca-pd-il-consiglio-comunale-avrebbe-meritato-piu-rispetto\/","title":{"rendered":"Relazione annuale De Luca, Pd: &quot;Il Consiglio Comunale avrebbe meritato pi\u00f9 rispetto&quot;"},"content":{"rendered":"<p><span id=\"msgText_new_message_draft1569665049544_788efe12-fdf8-c958-2f0c-ac83b9fb8d77\" dir=\"ltr\">&#8220;<em>Non vorremmo sembrare sempre quelli che cercano il classico pelo nell&#8217;uovo al sindaco De Luca, ma non possiamo non esprimere il nostro disappunto per la decisione del primo cittadino di aver preferito prima la piazza al Consiglio Comunale nell&#8217;esposizione della sua relazione annuale<\/em>&#8220;. Questo il commento dei consiglieri comunali del Pd Libero Gioveni, Gaetano Gennaro, Antonella Russo e Felice Calabr\u00f2, esprimendo disappunto per la scelta del sindaco Cateno De Luca di presentare domani pomeriggio la sua relazione annuale alla folla, anzich\u00e9 all&#8217;assemblea che democraticamente la rappresenta.<\/span><br \/>\n<span id=\"msgText_new_message_draft1569665049544_788efe12-fdf8-c958-2f0c-ac83b9fb8d77\" dir=\"ltr\">&#8220;<em>L&#8217;invito informale e personale rivoltoci a partecipare al comizio di <a class=\"matchTooltip\">domani<\/a><\/em>&#8211; spiega il gruppo Pd &#8211;<em> non pu\u00f2 di certo addolcire una pillola che certamente, al cospetto di una chiara mancanza di rispetto istituzionale, non riusciamo proprio ad ingoiare! E non \u00e8 per nulla un voler snobbare la cittadinanza che anzi, merita certamente considerazione e coinvolgimento alla partecipazione<\/em> &#8211; chiariscono Gioveni, Gennaro, Calabr\u00f2 e Russo &#8211;<em> ma \u00e8 fin troppo evidente che bon ton istituzionale avrebbe voluto una scelta differente da parte del primo cittadino.<\/em><\/span><br \/>\n<span id=\"msgText_new_message_draft1569665049544_788efe12-fdf8-c958-2f0c-ac83b9fb8d77\" dir=\"ltr\">&#8220;<em>Pertanto<\/em> &#8211; concludono i consiglieri Pd &#8211; <em>nell&#8217;augurare al sindaco De Luca un proficuo monologo (visto che quanto esporr\u00e0 <a class=\"matchTooltip\">domani<\/a> in piazza non avr\u00e0 un contraddittorio), attendiamo al pi\u00f9 presto la convocazione del Consiglio Comunale sulla relazione del primo anno di attivit\u00e0 di questa Amministrazione, in cui certamente non ci sottrarremo al confronto e al dibattito in Aula finalizzato a chiarire e verificare quanto finora \u00e8 stato fatto e quanto ancora si dovr\u00e0 fare nell&#8217;interesse di una comunit\u00e0 che merita risposte<\/em>&#8220;.<\/span><div id=\"div-gpt-ad-Messinaoggi.it-DSK-300x250-corpoart\" style=\"text-align:center;margin:0 auto;\"><\/div><\/p>\n<div id=\"videoincontent\" style=\"clear:both\";><\/div>","protected":false},"excerpt":{"rendered":"<p>&#8220;Non vorremmo sembrare sempre quelli che cercano il classico pelo nell&#8217;uovo al sindaco De Luca, ma non possiamo non esprimere il nostro disappunto per la decisione del primo cittadino di aver preferito prima la piazza al Consiglio Comunale nell&#8217;esposizione della sua relazione annuale&#8220;. Questo il commento dei consiglieri comunali del Pd Libero Gioveni, Gaetano Gennaro, [&hellip;]<\/p>\n","protected":false},"author":8,"featured_media":25567,"comment_status":"closed","ping_status":"open","sticky":false,"template":"","format":"standard","meta":{"ub_ctt_via":"","_mi_skip_tracking":false},"categories":[4],"tags":[],"featured_image_src":"https:\/\/www.messinaoggi.it\/website\/wp-content\/uploads\/2018\/10\/43E25106-B23E-4477-ADD3-C37FA738529D.jpeg","author_info":{"display_name":"red..me","author_link":"https:\/\/www.messinaoggi.it\/website\/author\/redstage\/"},"digistream_id":0,"digistream":false,"_links":{"self":[{"href":"https:\/\/www.messinaoggi.it\/website\/wp-json\/wp\/v2\/posts\/37190"}],"collection":[{"href":"https:\/\/www.messinaoggi.it\/website\/wp-json\/wp\/v2\/posts"}],"about":[{"href":"https:\/\/www.messinaoggi.it\/website\/wp-json\/wp\/v2\/types\/post"}],"author":[{"embeddable":true,"href":"https:\/\/www.messinaoggi.it\/website\/wp-json\/wp\/v2\/users\/8"}],"replies":[{"embeddable":true,"href":"https:\/\/www.messinaoggi.it\/website\/wp-json\/wp\/v2\/comments?post=37190"}],"version-history":[{"count":0,"href":"https:\/\/www.messinaoggi.it\/website\/wp-json\/wp\/v2\/posts\/37190\/revisions"}],"wp:featuredmedia":[{"embeddable":true,"href":"https:\/\/www.messinaoggi.it\/website\/wp-json\/wp\/v2\/media\/25567"}],"wp:attachment":[{"href":"https:\/\/www.messinaoggi.it\/website\/wp-json\/wp\/v2\/media?parent=37190"}],"wp:term":[{"taxonomy":"category","embeddable":true,"href":"https:\/\/www.messinaoggi.it\/website\/wp-json\/wp\/v2\/categories?post=37190"},{"taxonomy":"post_tag","embeddable":true,"href":"https:\/\/www.messinaoggi.it\/website\/wp-json\/wp\/v2\/tags?post=37190"}],"curies":[{"name":"wp","href":"https:\/\/api.w.org\/{rel}","templated":true}]}}