{"id":37179,"date":"2019-09-28T07:56:19","date_gmt":"2019-09-28T05:56:19","guid":{"rendered":"https:\/\/www.messinaoggi.it\/website\/?p=37179"},"modified":"2019-09-28T07:56:19","modified_gmt":"2019-09-28T05:56:19","slug":"meteo-fine-settimana-splendido-2","status":"publish","type":"post","link":"https:\/\/www.messinaoggi.it\/website\/2019\/09\/28\/meteo-fine-settimana-splendido-2\/","title":{"rendered":"Meteo, fine settimana splendido"},"content":{"rendered":"<div>Un esangue maestrale scortato da una inutile -10 a 500 hpa non sono riusciti minimamente a detronizzare definitivamente la bella stagione dalla dislocazione Mediterranea. I risultati di questa veniale deconcentrazione altopressoria si sono esplicati con qualche episodico rovescio estremamente veloce e localizzato, mentre la pompa pluviometrica non \u00e8 mai stata azionata sul versante tirrenico, maggiormente esposto alle correnti occidentali.<br \/>\nInappaganti gli annessi e connessi piovosi, ci consoliamo con una riqualificante forbita dell&#8217;atmosfera ai bassi strati, laddove oberava un perdurante ristagno di impurit\u00e0.<br \/>\nEpilogata questa fugace mediazione instabile, l&#8217;anticiclone delle Azzorre sta gi\u00e0 accingendosi ad offrire un buon rendimento, predisponendo la necessaria attrezzatura stabilizzante, atta a rinverdire il bel tempo tardo estivo su tutta la Sicilia.<br \/>\nCome testifica Ecmwf, l&#8217;emisfero boreale sar\u00e0 scisso da un temporaneo allungamento della tesa fune zonale.<br \/>\nIl riassestamento del Vortice polare manterr\u00e0 pressoch\u00e8 stazionaria la linea del fronte polare, relegandola alle latitudini scandinave. Soltanto le regioni settentrionali saranno interessate marginalmente da qualche infiltrazione fresca a 500 hpa, mentre sulla Sicilia un ben strutturato anticiclone Azzorriano profonder\u00e0 il massimo impegno stabilizzante, al fine di restaurare la classica stabilit\u00e0 mediterranea, senza alcuna ondata di calore ( gpt 588 dam).<br \/>\nCon questo pattern zonale, risulta chiaro che il week end sar\u00e0 qualificato da una rassicurante nonch\u00e8 assoluta stabilit\u00e0 tardo estiva, con ampio soleggiamento, rada nuvolosit\u00e0 e cessazione dell&#8217;instabilit\u00e0 termo-convettiva. La radiazione solare non sar\u00e0 pi\u00f9 in grado di arrecare sgradevoli arrossamenti cutanei, malgrado la prolungata insolazione.<br \/>\nI venti spireranno piacevolmente a regime di zefiro, con temporanee brezze di terra in mattinata sul messinese tirrenico, mentre dalla tarda mattinata si apprezzer\u00e0 una gradevole brezza da N-NW.<br \/>\nLungo l&#8217;area strettese, sar\u00e0 un vivace vento cavaliere ( localmente over 15 nodi) a capeggiare nell&#8217;encomiabile iniziativa di disinquinare l&#8217;atmosfera, ottimamente mitigata nelle ore centrali.<br \/>\nTutti i mari si presenteranno in buone condizioni per una tranquilla balneazione, con qualche increspatura strettese.<br \/>\nLa temperatura si riporter\u00e0 nei range di fine stagione, senza surplus, oscillando dai 20\u00b0 di minima ai 26\u00b0 di massima. Il tasso dell&#8217;Ur far\u00e0 segnare valori medi compresi fra il 40 e il 75%.<br \/>\nLe tendenze del tempo a medio termine prefigurano che il mite azzorriano si intratterr\u00e0 sulla Sicilia almeno fino a martedi, riproponendo le migliori condizioni meteoclimatiche, insaporite da eccellenti indici di comfort.<br \/>\nDa <a dir=\"ltr\" href=\"x-apple-data-detectors:\/\/2\">mercoledi sera<\/a>, un esiguo uragano atlantico in invorticamento a nord dell&#8217;arcipelago azzorriano, diriger\u00e0 una transeunte operazione meridiana, che potrebbe condurre un asse di saccatura proprio sul Mediterraneo. La possibile formazione di un minimo depressionario ( verosimilmente allocato sull&#8217;adriatico) richiamer\u00e0 sulla Sicilia una -16 e una localizzata -18 a 500 hpa, che rimbalzando sulla calde acque superficiali tirreniche ( 26.4\u00b0) potranno incentivare un ottimo gradiente verticale. E&#8217; bene puntualizzare che si tratterebbe di una parentesi di spiccata instabilit\u00e0, senza alcun sistema frontale e con una accozzaglia di congesti e cb disorganizzati, che saranno smistati sul territorio senza grande omogeneit\u00e0. Da non eccettuare isolate manifestazioni a sfondo grandinigeno, indirizzate sul versante tirrenico da una curvatura ciclonica a prevalente componente NW.<br \/>\nLa mia convinzione \u00e8 che dal 6, l&#8217;anticiclone delle Azzorre si riaccomoder\u00e0 spigliatamente sul bacino centrale del Mediterraneo, rattoppando lo strappo infrasettimanale.<br \/>\nIl determinante getto Canadese rimetter\u00e0 a nuovo il propulsore zonale sciupa-autunno, con la riorganizzazione della depressione d&#8217;Islanda e il contemporaneo potenziamento dell&#8217;alta pressione delle Azzorre in sede Mediterranea. Un grazie di cuore e arrivederci.<\/div>\n<div><\/div>\n<div>Alessio Campobello<\/div>\n<div id=\"div-gpt-ad-Messinaoggi.it-DSK-300x250-corpoart\" style=\"text-align:center;margin:0 auto;\"><\/div><\/p><div id=\"videoincontent\" style=\"clear:both\";><\/div>","protected":false},"excerpt":{"rendered":"<p>Un esangue maestrale scortato da una inutile -10 a 500 hpa non sono riusciti minimamente a detronizzare definitivamente la bella stagione dalla dislocazione Mediterranea. I risultati di questa veniale deconcentrazione altopressoria si sono esplicati con qualche episodico rovescio estremamente veloce e localizzato, mentre la pompa pluviometrica non \u00e8 mai stata azionata sul versante tirrenico, maggiormente [&hellip;]<\/p>\n","protected":false},"author":2,"featured_media":37180,"comment_status":"closed","ping_status":"open","sticky":false,"template":"","format":"standard","meta":{"ub_ctt_via":"","_mi_skip_tracking":false},"categories":[6],"tags":[],"featured_image_src":"https:\/\/www.messinaoggi.it\/website\/wp-content\/uploads\/2019\/09\/FA47AF0E-92DA-414D-B031-6D54F010F1CC.gif","author_info":{"display_name":"Redazione","author_link":"https:\/\/www.messinaoggi.it\/website\/author\/redazione\/"},"digistream_id":0,"digistream":false,"_links":{"self":[{"href":"https:\/\/www.messinaoggi.it\/website\/wp-json\/wp\/v2\/posts\/37179"}],"collection":[{"href":"https:\/\/www.messinaoggi.it\/website\/wp-json\/wp\/v2\/posts"}],"about":[{"href":"https:\/\/www.messinaoggi.it\/website\/wp-json\/wp\/v2\/types\/post"}],"author":[{"embeddable":true,"href":"https:\/\/www.messinaoggi.it\/website\/wp-json\/wp\/v2\/users\/2"}],"replies":[{"embeddable":true,"href":"https:\/\/www.messinaoggi.it\/website\/wp-json\/wp\/v2\/comments?post=37179"}],"version-history":[{"count":0,"href":"https:\/\/www.messinaoggi.it\/website\/wp-json\/wp\/v2\/posts\/37179\/revisions"}],"wp:featuredmedia":[{"embeddable":true,"href":"https:\/\/www.messinaoggi.it\/website\/wp-json\/wp\/v2\/media\/37180"}],"wp:attachment":[{"href":"https:\/\/www.messinaoggi.it\/website\/wp-json\/wp\/v2\/media?parent=37179"}],"wp:term":[{"taxonomy":"category","embeddable":true,"href":"https:\/\/www.messinaoggi.it\/website\/wp-json\/wp\/v2\/categories?post=37179"},{"taxonomy":"post_tag","embeddable":true,"href":"https:\/\/www.messinaoggi.it\/website\/wp-json\/wp\/v2\/tags?post=37179"}],"curies":[{"name":"wp","href":"https:\/\/api.w.org\/{rel}","templated":true}]}}