{"id":37156,"date":"2019-09-27T11:00:06","date_gmt":"2019-09-27T09:00:06","guid":{"rendered":"https:\/\/www.messinaoggi.it\/website\/?p=37156"},"modified":"2019-09-27T11:00:06","modified_gmt":"2019-09-27T09:00:06","slug":"commercio-lino-santoro-credo-nel-rilancio-del-commercio-ma-ognuno-faccia-la-sua-parte","status":"publish","type":"post","link":"https:\/\/www.messinaoggi.it\/website\/2019\/09\/27\/commercio-lino-santoro-credo-nel-rilancio-del-commercio-ma-ognuno-faccia-la-sua-parte\/","title":{"rendered":"Commercio, Lino Santoro: &quot;Credo nel rilancio del commercio ma ognuno faccia la sua parte&quot;"},"content":{"rendered":"<p style=\"text-align: justify;\">&#8220;<em>L&#8217;intervento del prof. Michele Limosani sulla crisi del commercio cittadino non pu\u00f2 cadere nel vuoto, perch\u00e9 le attivit\u00e0 commerciali messinesi stanno raggiungendo il punto di non ritorno. Credo fortemente nel rilancio del commercio ma si deve partire da un concetto fondamentale: le piazze sono dei cittadini e dobbiamo fare di tutto per renderle pi\u00f9 attrattive<\/em>&#8220;.<div id=\"div-gpt-ad-Messinaoggi.it-DSK-300x250-corpoart\" style=\"text-align:center;margin:0 auto;\"><\/div><\/p>\n<p style=\"text-align: justify;\">Lo afferma <strong>Lino Santoro<\/strong>, titolare con il fratello del Ritrovo Santoro di piazza Cairoli, e presidente dell&#8217;associazione &#8220;Messina Incentro&#8221;. Il tema \u00e8 tornato di stretta attualit\u00e0 dopo i recenti dati sulla crisi del settore a Messina, commentati dal prof. Michele Limosani.<div id=\"videoincontent\" style=\"clear:both\";><\/div><\/p>\n<p style=\"text-align: justify;\">La politica da una parte, le associazioni di categoria dall&#8217;altra &#8211; secondo il docente dell&#8217;Universit\u00e0 di Messina &#8211; si dividono le responsabilit\u00e0 per una crisi che ormai \u00e8 endemica.<\/p>\n<p style=\"text-align: justify;\">Lino Santoro sull&#8217;argomento ha le idee molto chiare, ma il suo ragionamento parte da un principio fondamentale. &#8220;<em>Le piazze o i luoghi di aggregazione in genere &#8211; afferma &#8211; appartengono ai cittadini e non agli imprenditori o ai rappresentati della associazioni di categoria. Ma \u00e8 necessario che questi luoghi vengano valorizzati a dovere. L&#8217;amministrazione De Luca, da parte sua, ha iniziato un percorso bruscamente interrotto dalla precedente, ma si deve guardare al futuro pensando al presente. Dice bene il prof . Limosani quando parla di una visione d&#8217;insieme. Chi dice che vuole fare squadra e poi gioca da solo \u00e8 solo un visionario che fa danno a se stesso e alla citt\u00e0 o, se volete, agli imprenditori che rappresenta. Non voglio fare polemica, ma per uscire da questa crisi di cui si parla da anni ognuno deve fare la sua parte<\/em>&#8220;.<\/p>\n","protected":false},"excerpt":{"rendered":"<p>&#8220;L&#8217;intervento del prof. Michele Limosani sulla crisi del commercio cittadino non pu\u00f2 cadere nel vuoto, perch\u00e9 le attivit\u00e0 commerciali messinesi stanno raggiungendo il punto di non ritorno. Credo fortemente nel rilancio del commercio ma si deve partire da un concetto fondamentale: le piazze sono dei cittadini e dobbiamo fare di tutto per renderle pi\u00f9 attrattive&#8220;. [&hellip;]<\/p>\n","protected":false},"author":2,"featured_media":37153,"comment_status":"closed","ping_status":"open","sticky":false,"template":"","format":"standard","meta":{"ub_ctt_via":"","_mi_skip_tracking":false},"categories":[6],"tags":[],"featured_image_src":"https:\/\/www.messinaoggi.it\/website\/wp-content\/uploads\/2019\/09\/A7E26DD3-4ED4-466A-9A3A-1948FC06B30A-e1743833765292.jpeg","author_info":{"display_name":"Redazione","author_link":"https:\/\/www.messinaoggi.it\/website\/author\/redazione\/"},"digistream_id":0,"digistream":false,"_links":{"self":[{"href":"https:\/\/www.messinaoggi.it\/website\/wp-json\/wp\/v2\/posts\/37156"}],"collection":[{"href":"https:\/\/www.messinaoggi.it\/website\/wp-json\/wp\/v2\/posts"}],"about":[{"href":"https:\/\/www.messinaoggi.it\/website\/wp-json\/wp\/v2\/types\/post"}],"author":[{"embeddable":true,"href":"https:\/\/www.messinaoggi.it\/website\/wp-json\/wp\/v2\/users\/2"}],"replies":[{"embeddable":true,"href":"https:\/\/www.messinaoggi.it\/website\/wp-json\/wp\/v2\/comments?post=37156"}],"version-history":[{"count":0,"href":"https:\/\/www.messinaoggi.it\/website\/wp-json\/wp\/v2\/posts\/37156\/revisions"}],"wp:featuredmedia":[{"embeddable":true,"href":"https:\/\/www.messinaoggi.it\/website\/wp-json\/wp\/v2\/media\/37153"}],"wp:attachment":[{"href":"https:\/\/www.messinaoggi.it\/website\/wp-json\/wp\/v2\/media?parent=37156"}],"wp:term":[{"taxonomy":"category","embeddable":true,"href":"https:\/\/www.messinaoggi.it\/website\/wp-json\/wp\/v2\/categories?post=37156"},{"taxonomy":"post_tag","embeddable":true,"href":"https:\/\/www.messinaoggi.it\/website\/wp-json\/wp\/v2\/tags?post=37156"}],"curies":[{"name":"wp","href":"https:\/\/api.w.org\/{rel}","templated":true}]}}