{"id":37075,"date":"2019-09-24T11:27:42","date_gmt":"2019-09-24T09:27:42","guid":{"rendered":"https:\/\/www.messinaoggi.it\/website\/?p=37075"},"modified":"2019-09-24T11:27:42","modified_gmt":"2019-09-24T09:27:42","slug":"rifiuti-da-lunedi-al-via-la-differenziata-tra-orto-liuzzo-e-mortelle","status":"publish","type":"post","link":"https:\/\/www.messinaoggi.it\/website\/2019\/09\/24\/rifiuti-da-lunedi-al-via-la-differenziata-tra-orto-liuzzo-e-mortelle\/","title":{"rendered":"Rifiuti, da luned\u00ec al via la differenziata tra Orto Liuzzo e Mortelle"},"content":{"rendered":"<p>Da luned\u00ec 30 settembre prender\u00e0 ufficialmente avvio il servizio di raccolta differenziata anche nella zona nord di Messina, e in particolare nell&#8217;area ricompresa tra Orto Liuzzo e Mortelle. A darne l&#8217;annuncio \u00e8 stato il presidente di Messinaservizi Bene Comune, Giuseppe Lombardo, il quale in una nota stampa ha dichiarato: \u201c<em>Continua l\u2019impegno di Messinaservizi per l\u2019organizzazione della nuova raccolta porta a porta a Messina. Da luned\u00ec 30 si parte anche nella zona 1 dell\u2019area nord, e in particolare nei villaggi e frazioni di Mortelle,\u00a0 Timpazzi, \u00a0Casa Bianca, Faro Superiore,\u00a0 Policara, Campo Inglese, a, San Filippo, Tarantonio, Locanda Colonna, Curcuraci, Massa San Giovanni,\u00a0 Massa Santa Lucia, Massa San Nicola, Massa San Giorgio, Acqualadrone, Spart\u00e0, Castanea delle Furie, Salice, San Saba, Rodia,\u00a0 Ortoliuzzo, Gesso, Calamona, Miano, C\/da Piano Rocca, Rione Casalotto, Infantino, Portella di Castanea e C\/da Ponte Gallo<\/em>\u201d.<br \/>\n<div id=\"attachment_37076\" style=\"width: 1100px\" class=\"wp-caption alignnone\"><a href=\"https:\/\/www.messinaoggi.it\/website\/wp-content\/uploads\/2019\/09\/differenziata-AREA-NORD-ZONA-BLU-2.jpg\"><img aria-describedby=\"caption-attachment-37076\" loading=\"lazy\" class=\"size-full wp-image-37076\" src=\"https:\/\/www.messinaoggi.it\/website\/wp-content\/uploads\/2019\/09\/differenziata-AREA-NORD-ZONA-BLU-2.jpg\" alt=\"\" width=\"1090\" height=\"852\" \/><\/a><p id=\"caption-attachment-37076\" class=\"wp-caption-text\">Zona 1 dell\u2019area nord<\/p><\/div><br \/>\n\u201c<em>In questi quartieri,<\/em> &#8211; prosegue Lombardo &#8211; <em>dove gi\u00e0 si faceva il porta a porta, si potr\u00e0 ora utilizzare il nuovo calendario consegnato nei giorni scorsi da Inpost e differenziare secondo i giorni indicati come previsto (umido con il contenitore marrone, plastica e metalli con il contenitore giallo, indifferenziato con il contenitore grigio, vetro con il contenitore verde, carta e cartone nel contenitore blu).<\/em><br \/>\n\t<div class=\"carousel-container\">\r\n\t\t\t\t\t\t<ul class=\"carousel\">\r\n\t\t\t\t\t\t\t<input class=\"carousel_activator\" type=\"radio\" id=\"immagine_1\" name=\"activator\" checked=\"checked\"\/><input class=\"carousel_activator\" type=\"radio\" id=\"immagine_2\" name=\"activator\" \/>  <div class=\"carousel_controls\">\r\n\t\t\t\t\t\t\t\t\t\t\t<label class=\"carousel_control carousel_control--backward\" for=\"immagine_2\"><\/label>\r\n\t\t\t\t\t\t\t\t\t\t\t<label class=\"carousel_control carousel_control--forward\" for=\"immagine_2\"><\/label>\r\n\t\t\t\t\t\t\t\t\t\t<\/div>\t<div class=\"carousel_controls\">\r\n\t\t\t\t\t\t\t\t\t\t\t<label class=\"carousel_control carousel_control--backward\" for=\"immagine_1\"><\/label>\r\n\t\t\t\t\t\t\t\t\t\t\t<label class=\"carousel_control carousel_control--forward\" for=\"immagine_1\"><\/label>\r\n\t\t\t\t\t\t\t\t\t\t<\/div>\r\n\t\t\t\t\t\t\t<li class=\"carousel_slide\"><h1 style=\"color:white;\">Calendario utenze domestiche<\/h1><\/li><li class=\"carousel_slide\"><h1 style=\"color:white;\">Calendario utenze non domestiche<\/h1><\/li>\r\n\t\t\t\t\t\t\t<div class=\"carousel_indicators\"><label class=\"carousel_indicator\" for=\"immagine_1\"><\/label><label class=\"carousel_indicator\" for=\"immagine_2\"><\/label><\/div>\r\n\t\t\t\t\t\t<\/ul>\r\n\t\t\t\t\t<\/div>\r\n\t\t<style>.carousel-container {display: inline-block;width:100%;}.carousel {height: 450px;width: 100%;overflow: hidden;text-align: center;position: relative;padding: 0;list-style: none;}.carousel_controls,.carousel_activator {display: none;}.carousel_control {height: 30px;width: 30px;margin-top: -15px;top: 50%;position: absolute;display: block;cursor: pointer;border-width: 5px 5px 0 0;border-style: solid;border-color: #fafafa;opacity: 0.9;outline: 0;z-index: 3;}.carousel_control:hover {opacity: 1;}.carousel_control--backward {left: 10px;-webkit-transform: rotate(-135deg);transform: rotate(-135deg);}.carousel_control--forward {right: 10px;-webkit-transform: rotate(45deg);transform: rotate(45deg);}.carousel_indicators {position: absolute;bottom: 20px;width: 100%;text-align: center;}.carousel_indicator {height: 15px;width: 15px;border-radius: 100%;display: inline-block;z-index: 2;cursor: pointer;opacity: 0.35;margin: 0 2.5px 0 2.5px;}.carousel_indicator:hover {opacity: 0.75;}.carousel_track {position: absolute;top: 0;right: 0;bottom: 0;left: 0;padding: 0;margin: 0;transition: -webkit-transform 1s ease 0s;transition: transform 1s ease 0s;transition: transform 1s ease 0s, -webkit-transform 1s ease 0s;}.carousel_track .carousel_slide {display: block;top: 0;left: 0;right: 0;opacity: 1;}.carousel--scale .carousel_slide {-webkit-transform: scale(0);transform: scale(0);}.carousel_slide {height: 100%;position: absolute!important;overflow-y: auto;opacity: 0;}.carousel_slide {overflow: hidden;}.carousel--thumb .carousel_indicator {height: 30px;width: 30px;}.carousel_indicator {background-color: #fafafa;}.carousel_activator:nth-of-type(1):checked ~ .carousel_track { -webkit-transform: translateX(0%);transform: translateX(0%); }\r\n\t\t\t\t\t\t\t.carousel_activator:nth-of-type(1):checked ~ .carousel_slide:nth-of-type(1) { transition: opacity 1s, -webkit-transform 1s;transition: opacity 1s, transform 1s;transition: opacity 1s, transform 1s, -webkit-transform 1s;top: 0;left: 0;right: 0;opacity: 1;-webkit-transform: scale(1);transform: scale(1); }\r\n\t\t\t\t\t\t\t.carousel_activator:nth-of-type(1):checked ~ .carousel_controls:nth-of-type(1) { display: block;opacity: 1; }\r\n\t\t\t\t\t\t\t.carousel_activator:nth-of-type(1):checked ~ .carousel_indicators .carousel_indicator:nth-of-type(1) { opacity: 1; }\r\n\t\t\t\t\t\t\t.carousel_slide:nth-of-type(1), .carousel--thumb .carousel_indicators .carousel_indicator:nth-of-type(1) { background-image: url(https:\/\/www.messinaoggi.it\/website\/wp-content\/uploads\/2019\/09\/calendario-utenze-domestiche.jpg);background-size: contain;background-position: center;background-repeat: no-repeat;background-color: black; }\r\n\t\t\t\t\t\t\t.carousel_track .carousel_slide:nth-of-type(1) { -webkit-transform: translateX(0%);transform: translateX(0%);}.carousel_activator:nth-of-type(2):checked ~ .carousel_track { -webkit-transform: translateX(0%);transform: translateX(0%); }\r\n\t\t\t\t\t\t\t.carousel_activator:nth-of-type(2):checked ~ .carousel_slide:nth-of-type(2) { transition: opacity 1s, -webkit-transform 1s;transition: opacity 1s, transform 1s;transition: opacity 1s, transform 1s, -webkit-transform 1s;top: 0;left: 0;right: 0;opacity: 1;-webkit-transform: scale(1);transform: scale(1); }\r\n\t\t\t\t\t\t\t.carousel_activator:nth-of-type(2):checked ~ .carousel_controls:nth-of-type(2) { display: block;opacity: 1; }\r\n\t\t\t\t\t\t\t.carousel_activator:nth-of-type(2):checked ~ .carousel_indicators .carousel_indicator:nth-of-type(2) { opacity: 1; }\r\n\t\t\t\t\t\t\t.carousel_slide:nth-of-type(2), .carousel--thumb .carousel_indicators .carousel_indicator:nth-of-type(2) { background-image: url(https:\/\/www.messinaoggi.it\/website\/wp-content\/uploads\/2019\/09\/calendario-utenze-non-domestiche.jpg);background-size: contain;background-position: center;background-repeat: no-repeat;background-color: black; }\r\n\t\t\t\t\t\t\t.carousel_track .carousel_slide:nth-of-type(2) { -webkit-transform: translateX(100%);transform: translateX(100%);}<\/style><br \/>\n\u201c<em>Procede intanto<\/em> \u2013 prosegue Lombardo \u2013 <em>abbastanza spedita la consegna dei kit, dei carrellati, dei mastelli e dell\u2019altro materiale per il porta a porta sia nell\u2019area nord, che sia in quella sud della citt\u00e0 e nelle prossime settimane si avvieranno le altre zone delle aree nord e sud appena concluse. Al momento solo per i residenti della zona 1 dell\u2019area nord chi non ha ricevuto il kit, pu\u00f2 recarsi nell\u2019isola ecologica di Spart\u00e0 nei giorni di calendario per ritirarlo. Nella zona sud dopo l\u2019eliminazione dei cassonetti nella giornata di ieri, ci sono stati ottimi riscontri: nelle abitazioni singole, non si sono registrati fenomeni di abbandono di rifiuti in strada, e c\u2019\u00e8 stato un corretto modo di differenziare e la giusta esposizione dei carrellati e dei mastelli, quindi siamo fiduciosi lo stesso avverr\u00e0 nella zona nord. Permangono solo alcune difficolt\u00e0 nei condomini<\/em>\u201d.<div id=\"div-gpt-ad-Messinaoggi.it-DSK-300x250-corpoart\" style=\"text-align:center;margin:0 auto;\"><\/div><\/p>\n<div id=\"videoincontent\" style=\"clear:both\";><\/div>","protected":false},"excerpt":{"rendered":"<p>Da luned\u00ec 30 settembre prender\u00e0 ufficialmente avvio il servizio di raccolta differenziata anche nella zona nord di Messina, e in particolare nell&#8217;area ricompresa tra Orto Liuzzo e Mortelle. A darne l&#8217;annuncio \u00e8 stato il presidente di Messinaservizi Bene Comune, Giuseppe Lombardo, il quale in una nota stampa ha dichiarato: \u201cContinua l\u2019impegno di Messinaservizi per l\u2019organizzazione [&hellip;]<\/p>\n","protected":false},"author":8,"featured_media":33013,"comment_status":"closed","ping_status":"open","sticky":false,"template":"","format":"standard","meta":{"ub_ctt_via":"","_mi_skip_tracking":false},"categories":[6],"tags":[],"featured_image_src":"https:\/\/www.messinaoggi.it\/website\/wp-content\/uploads\/2019\/05\/raccolta-differenziata-porta-a-porta.jpg","author_info":{"display_name":"red..me","author_link":"https:\/\/www.messinaoggi.it\/website\/author\/redstage\/"},"digistream_id":0,"digistream":false,"_links":{"self":[{"href":"https:\/\/www.messinaoggi.it\/website\/wp-json\/wp\/v2\/posts\/37075"}],"collection":[{"href":"https:\/\/www.messinaoggi.it\/website\/wp-json\/wp\/v2\/posts"}],"about":[{"href":"https:\/\/www.messinaoggi.it\/website\/wp-json\/wp\/v2\/types\/post"}],"author":[{"embeddable":true,"href":"https:\/\/www.messinaoggi.it\/website\/wp-json\/wp\/v2\/users\/8"}],"replies":[{"embeddable":true,"href":"https:\/\/www.messinaoggi.it\/website\/wp-json\/wp\/v2\/comments?post=37075"}],"version-history":[{"count":0,"href":"https:\/\/www.messinaoggi.it\/website\/wp-json\/wp\/v2\/posts\/37075\/revisions"}],"wp:featuredmedia":[{"embeddable":true,"href":"https:\/\/www.messinaoggi.it\/website\/wp-json\/wp\/v2\/media\/33013"}],"wp:attachment":[{"href":"https:\/\/www.messinaoggi.it\/website\/wp-json\/wp\/v2\/media?parent=37075"}],"wp:term":[{"taxonomy":"category","embeddable":true,"href":"https:\/\/www.messinaoggi.it\/website\/wp-json\/wp\/v2\/categories?post=37075"},{"taxonomy":"post_tag","embeddable":true,"href":"https:\/\/www.messinaoggi.it\/website\/wp-json\/wp\/v2\/tags?post=37075"}],"curies":[{"name":"wp","href":"https:\/\/api.w.org\/{rel}","templated":true}]}}