{"id":37034,"date":"2019-09-23T12:16:24","date_gmt":"2019-09-23T10:16:24","guid":{"rendered":"https:\/\/www.messinaoggi.it\/website\/?p=37034"},"modified":"2019-09-23T12:16:24","modified_gmt":"2019-09-23T10:16:24","slug":"amam-gestione-acque-bianche-prima-la-valutazione-economica-e-poi-si-decide","status":"publish","type":"post","link":"https:\/\/www.messinaoggi.it\/website\/2019\/09\/23\/amam-gestione-acque-bianche-prima-la-valutazione-economica-e-poi-si-decide\/","title":{"rendered":"Amam, gestione acque bianche: prima la valutazione economica e poi si decide"},"content":{"rendered":"<p>Manca solo la relazione contenente la valutazione tecnico-economica prima di decidere se affidare o meno la gestione delle acque bianche ad Amam, la quale attualmente si occupa gi\u00e0 della manutenzione delle acque nere. Infatti, questa mattina la Commissione lavori pubblici, presieduta dal consigliere comunale Libero Gioveni, si \u00e8 riunita per discutere dell&#8217;importante novit\u00e0 di voler affidare ad Amam anche la gestione delle acque bianche, a seguito di una delibera di Giunta che ha dato mandato al dirigente del Dipartimento lavori pubblici Antonino Amato, presente in Commissione oggi insieme al presidente di Amam Salvo Puccio, di predisporre la delibera di affidamento da sottoporre al Consiglio Comunale.<div id=\"div-gpt-ad-Messinaoggi.it-DSK-300x250-corpoart\" style=\"text-align:center;margin:0 auto;\"><\/div><\/p>\n<blockquote class=\"wp-embedded-content\" data-secret=\"WbMyurn50N\"><p><a href=\"https:\/\/www.messinaoggi.it\/website\/2019\/09\/10\/gestione-acque-bianche-slitta-la-discussione-del-nuovo-regolamento\/\">Gestione acque bianche, slitta la discussione del nuovo regolamento<\/a><div id=\"videoincontent\" style=\"clear:both\";><\/div><\/p><\/blockquote>\n<p><iframe class=\"wp-embedded-content\" sandbox=\"allow-scripts\" security=\"restricted\" style=\"position: absolute; clip: rect(1px, 1px, 1px, 1px);\" title=\"&#8220;Gestione acque bianche, slitta la discussione del nuovo regolamento&#8221; &#8212; Messina Oggi\" src=\"https:\/\/www.messinaoggi.it\/website\/2019\/09\/10\/gestione-acque-bianche-slitta-la-discussione-del-nuovo-regolamento\/embed\/#?secret=WbMyurn50N\" data-secret=\"WbMyurn50N\" width=\"500\" height=\"282\" frameborder=\"0\" marginwidth=\"0\" marginheight=\"0\" scrolling=\"no\"><\/iframe><br \/>\n\u201c<em>Il dirigente Amato<\/em> &#8211; spiega Gioveni &#8211; <em>rediger\u00e0 una relazione da allegare alla delibera che conterr\u00e0 una valutazione tecnico-economica sulla convenienza per l&#8217;Ente dell&#8217;affidamento, comprovata, secondo lo stesso Amato, dall&#8217;esistenza soprattutto nel centro cittadino di reti in cui confluiscono sia acque nere che acque bianche. La durata del servizio sar\u00e0 di 6 anni e il provvedimento non comporter\u00e0 una modifica del contratto di servizio in atto vigente in quanto un articolo dello stesso contratto d\u00e0 la possibilit\u00e0 al Comune di affidare genericamente ad Amam dei servizi aggiuntivi.<\/em><br \/>\n\u201c<em>L&#8217;eventuale intervento diretto di Amam in pratica produrr\u00e0 un risparmio sia economico che in termini di tempi, visto che molto spesso in alcuni casi, quando soprattutto si verificano dei cedimenti stradali, emergono dei rimpalli di responsabilit\u00e0 fra Comune e Amam, che cos\u00ec verrebbero definitivamente assegnati ad Amam.<\/em><br \/>\n\u201c<em>Pertanto,<\/em> &#8211; conclude Gioveni &#8211; <em>nelle more di ricevere la delibera di affidamento, la Commissione ha calendarizzato altre importanti sedute, la prima delle quali, per luned\u00ec 30 settembre, affronter\u00e0 il tema della gestione e della manutenzione delle ville cittadine e delle aree a verde<\/em>\u201d.<\/p>\n","protected":false},"excerpt":{"rendered":"<p>Manca solo la relazione contenente la valutazione tecnico-economica prima di decidere se affidare o meno la gestione delle acque bianche ad Amam, la quale attualmente si occupa gi\u00e0 della manutenzione delle acque nere. Infatti, questa mattina la Commissione lavori pubblici, presieduta dal consigliere comunale Libero Gioveni, si \u00e8 riunita per discutere dell&#8217;importante novit\u00e0 di voler [&hellip;]<\/p>\n","protected":false},"author":8,"featured_media":37035,"comment_status":"closed","ping_status":"open","sticky":false,"template":"","format":"standard","meta":{"ub_ctt_via":"","_mi_skip_tracking":false},"categories":[4],"tags":[],"featured_image_src":"https:\/\/www.messinaoggi.it\/website\/wp-content\/uploads\/2019\/09\/commissione-lavori-pubblici-23-settembre-2019.jpg","author_info":{"display_name":"red..me","author_link":"https:\/\/www.messinaoggi.it\/website\/author\/redstage\/"},"digistream_id":0,"digistream":false,"_links":{"self":[{"href":"https:\/\/www.messinaoggi.it\/website\/wp-json\/wp\/v2\/posts\/37034"}],"collection":[{"href":"https:\/\/www.messinaoggi.it\/website\/wp-json\/wp\/v2\/posts"}],"about":[{"href":"https:\/\/www.messinaoggi.it\/website\/wp-json\/wp\/v2\/types\/post"}],"author":[{"embeddable":true,"href":"https:\/\/www.messinaoggi.it\/website\/wp-json\/wp\/v2\/users\/8"}],"replies":[{"embeddable":true,"href":"https:\/\/www.messinaoggi.it\/website\/wp-json\/wp\/v2\/comments?post=37034"}],"version-history":[{"count":0,"href":"https:\/\/www.messinaoggi.it\/website\/wp-json\/wp\/v2\/posts\/37034\/revisions"}],"wp:featuredmedia":[{"embeddable":true,"href":"https:\/\/www.messinaoggi.it\/website\/wp-json\/wp\/v2\/media\/37035"}],"wp:attachment":[{"href":"https:\/\/www.messinaoggi.it\/website\/wp-json\/wp\/v2\/media?parent=37034"}],"wp:term":[{"taxonomy":"category","embeddable":true,"href":"https:\/\/www.messinaoggi.it\/website\/wp-json\/wp\/v2\/categories?post=37034"},{"taxonomy":"post_tag","embeddable":true,"href":"https:\/\/www.messinaoggi.it\/website\/wp-json\/wp\/v2\/tags?post=37034"}],"curies":[{"name":"wp","href":"https:\/\/api.w.org\/{rel}","templated":true}]}}