{"id":37005,"date":"2019-09-24T07:45:38","date_gmt":"2019-09-24T05:45:38","guid":{"rendered":"https:\/\/www.messinaoggi.it\/website\/?p=37005"},"modified":"2019-09-24T07:45:38","modified_gmt":"2019-09-24T05:45:38","slug":"acquedotto-fiumefreddo-da-oggi-la-messa-in-sicurezza-possibili-disagi-sino-al-26","status":"publish","type":"post","link":"https:\/\/www.messinaoggi.it\/website\/2019\/09\/24\/acquedotto-fiumefreddo-da-oggi-la-messa-in-sicurezza-possibili-disagi-sino-al-26\/","title":{"rendered":"Acquedotto Fiumefreddo, da oggi la messa in sicurezza: possibili disagi sino al 26"},"content":{"rendered":"<p>A partire dal pomeriggio di oggi e sino al successivo gioved\u00ec 26 si verificher\u00e0 con molta probabilit\u00e0 una riduzione dei tempi di erogazione idrica nelle zone servite dall\u2019acquedotto Fiumefreddo. A darne l\u2019annuncio \u00e8 stata l\u2019Amam, la quale ha spiegato che per quel giorno \u00e8 prevista la messa in sicurezza dell&#8217;acquedotto Fiumefreddo presso la frana di Forza d&#8217;Agr\u00f2. In particolare, si terra il cosiddetto swicht tra la vecchia e la nuova condotta, vale a dire il collegamento della tubazione adduttrice dell&#8217;acquedotto di Fiumefreddo sul nuovo tracciato.<br \/>\n\u201c<em>I lavori,<\/em> &#8211; si legge nella nota di Amam &#8211; <em>considerato che dovr\u00e0 eseguirsi il taglio della condotta vecchia e l&#8217;innesto di quella nuova per circa 200 metri, richiederanno obbligatoriamente il\u00a0fermo dell&#8217;attivit\u00e0 di pompaggio\u00a0e l&#8217;immissione in flusso\u00a0per circa 24 ore\u00a0e per questo comporteranno un minore apporto di acqua in citt\u00e0, dall&#8217;adduttrice principale e dunque possibili\u00a0riduzioni nei tempi e negli orari di distribuzione\u00a0in tutte le zone servite.\u00a0<\/em><em>Stiamo mettendo in campo tutte le risorse possibili per minimizzare i disagi, predisponendo un\u00a0programma straordinario di gestione ottimale degli apporti idrici\u00a0in rete e degli interventi da operare, gi\u00e0 dalla mattina di luned\u00ec sino a tutta la giornata di mercoled\u00ec, che prevede anche il ricorso a fonti di approvvigionamento\u00a0esterne.<\/em><br \/>\n\u201c<em>Sul fronte operativo, si cercher\u00e0 di ottimizzare le fasi di lavoro in modo da ridurre il fermo dell&#8217;acquedotto ai tempi minimi necessari per lo svolgimento delle operazioni di\u00a0taglio e saldatura delle grosse condotte\u00a0che avverr\u00e0 a partire\u00a0dalle ore 5 del prossimo marted\u00ec\u00a024 settembre.\u00a0Per questo, <strong>la riduzione dell&#8217;erogazione idrica in citt\u00e0 \u00e8 prevista dal pomeriggio dello stesso marted\u00ec, sino al\u00a0recupero dei livelli dei serbatoi\u00a0che si prevede per il successivo\u00a0gioved\u00ec 26<\/strong>\u201d.<\/em><br \/>\n\u201c<em>\u00c8\u00a0un momento importante e delicato &#8211;<\/em>\u00a0afferma il presidente\u00a0di Amam Salvo Puccio\u00a0<em>&#8211; ed \u00e8 importante essere riusciti a completare i lavori prima dell&#8217;autunno, con il rischio incombente del maltempo legato alla stagione che \u00e8 alle porte e dunque dei possibili nuovi danni che, agendo in modo tempestivo, stiamo prevenendo<\/em>\u201d.<div id=\"div-gpt-ad-Messinaoggi.it-DSK-300x250-corpoart\" style=\"text-align:center;margin:0 auto;\"><\/div><\/p>\n<div id=\"videoincontent\" style=\"clear:both\";><\/div>","protected":false},"excerpt":{"rendered":"<p>A partire dal pomeriggio di oggi e sino al successivo gioved\u00ec 26 si verificher\u00e0 con molta probabilit\u00e0 una riduzione dei tempi di erogazione idrica nelle zone servite dall\u2019acquedotto Fiumefreddo. A darne l\u2019annuncio \u00e8 stata l\u2019Amam, la quale ha spiegato che per quel giorno \u00e8 prevista la messa in sicurezza dell&#8217;acquedotto Fiumefreddo presso la frana di [&hellip;]<\/p>\n","protected":false},"author":8,"featured_media":3506,"comment_status":"closed","ping_status":"open","sticky":false,"template":"","format":"standard","meta":{"ub_ctt_via":"","_mi_skip_tracking":false},"categories":[6],"tags":[],"featured_image_src":"https:\/\/www.messinaoggi.it\/website\/wp-content\/uploads\/2017\/06\/acqua-amam-2.jpg","author_info":{"display_name":"red..me","author_link":"https:\/\/www.messinaoggi.it\/website\/author\/redstage\/"},"digistream_id":0,"digistream":false,"_links":{"self":[{"href":"https:\/\/www.messinaoggi.it\/website\/wp-json\/wp\/v2\/posts\/37005"}],"collection":[{"href":"https:\/\/www.messinaoggi.it\/website\/wp-json\/wp\/v2\/posts"}],"about":[{"href":"https:\/\/www.messinaoggi.it\/website\/wp-json\/wp\/v2\/types\/post"}],"author":[{"embeddable":true,"href":"https:\/\/www.messinaoggi.it\/website\/wp-json\/wp\/v2\/users\/8"}],"replies":[{"embeddable":true,"href":"https:\/\/www.messinaoggi.it\/website\/wp-json\/wp\/v2\/comments?post=37005"}],"version-history":[{"count":0,"href":"https:\/\/www.messinaoggi.it\/website\/wp-json\/wp\/v2\/posts\/37005\/revisions"}],"wp:featuredmedia":[{"embeddable":true,"href":"https:\/\/www.messinaoggi.it\/website\/wp-json\/wp\/v2\/media\/3506"}],"wp:attachment":[{"href":"https:\/\/www.messinaoggi.it\/website\/wp-json\/wp\/v2\/media?parent=37005"}],"wp:term":[{"taxonomy":"category","embeddable":true,"href":"https:\/\/www.messinaoggi.it\/website\/wp-json\/wp\/v2\/categories?post=37005"},{"taxonomy":"post_tag","embeddable":true,"href":"https:\/\/www.messinaoggi.it\/website\/wp-json\/wp\/v2\/tags?post=37005"}],"curies":[{"name":"wp","href":"https:\/\/api.w.org\/{rel}","templated":true}]}}