{"id":36934,"date":"2019-09-19T10:13:22","date_gmt":"2019-09-19T08:13:22","guid":{"rendered":"https:\/\/www.messinaoggi.it\/website\/?p=36934"},"modified":"2019-09-19T10:13:22","modified_gmt":"2019-09-19T08:13:22","slug":"accusa-il-padre-dellex-per-la-fine-della-relazione-e-cerca-di-investirlo-arrestato-46enne","status":"publish","type":"post","link":"https:\/\/www.messinaoggi.it\/website\/2019\/09\/19\/accusa-il-padre-dellex-per-la-fine-della-relazione-e-cerca-di-investirlo-arrestato-46enne\/","title":{"rendered":"Accusa il padre dell&#039;ex per la fine della relazione e cerca di investirlo: arrestato 46enne"},"content":{"rendered":"<p>Dovr\u00e0 rispondere del reato di atti persecutori un 46enne originario di Capizzi (M.B.S. le sue iniziali), in quanto si sarebbe reso responsabile di una serie comportamenti illeciti nei confronti della famiglia dell&#8217;ex compagna, e in particolar modo nei confronti del padre, reo a detta del 46enne di essere il responsabile della fine della relazione con l&#8217;ex convivente. Per questo motivo, nella mattinata di ieri i carabinieri della Compagnia di Mistretta hanno eseguito, su disposizione della Procura della Repubblica presso il Tribunale di Enna, un\u2019ordinanza di applicazione di misura cautelare agli arresti domiciliari nei confronti di M.B.S.<br \/>\nIn particolare, l&#8217;uomo, non accettando la fine della relazione con l\u2019ex compagna, ha posto in essere una serie di comportamenti ossessivi e minacciosi nei confronti della famiglia della donna, creando un perdurante e grave stato d\u2019ansia e di paura e un fondato timore per l\u2019incolumit\u00e0 dell\u2019intero nucleo familiare, costringendo le vittime ad alterare le proprie abitudini di vita. Il 46enne non \u00e8 nuovo a questi comportamenti poich\u00e9, gi\u00e0 in passato, \u00e8 stato destinatario di altre misure cautelari per maltrattamenti in famiglia ai danni della ex convivente. Ultimamente, per\u00f2, il destinatario principale dei suoi atti illeciti \u00e8 stato proprio il padre della donna. In particolare, il padre della donna \u00e8 stato oggetto di pedinamenti e minacce di morte che rischiavano di concretizzarsi quando il 46enne tent\u00f2 di investirlo. I comportamenti persecutori che hanno portato all\u2019odierna misura cautelare si sono concretizzati in una condotta permanente dal maggio di quest\u2019anno fino all\u2019ultimo episodio di violenza, verificatosi lo scorso 5 settembre.<br \/>\nL\u2019arrestato, su disposizione del Giudice per le Indagini Preliminari presso il Tribunale di Enna, dottoressa Luisa Maria Bruno, come richiesto dalla Procura di Enna, in persona del sostituto procuratore Orazio Longo, che ha coordinato le indagini, \u00e8 stato condotto presso la propria residenza in regime di arresti domiciliari.<div id=\"div-gpt-ad-Messinaoggi.it-DSK-300x250-corpoart\" style=\"text-align:center;margin:0 auto;\"><\/div><\/p>\n<div id=\"videoincontent\" style=\"clear:both\";><\/div>","protected":false},"excerpt":{"rendered":"<p>Dovr\u00e0 rispondere del reato di atti persecutori un 46enne originario di Capizzi (M.B.S. le sue iniziali), in quanto si sarebbe reso responsabile di una serie comportamenti illeciti nei confronti della famiglia dell&#8217;ex compagna, e in particolar modo nei confronti del padre, reo a detta del 46enne di essere il responsabile della fine della relazione con [&hellip;]<\/p>\n","protected":false},"author":8,"featured_media":36938,"comment_status":"closed","ping_status":"open","sticky":false,"template":"","format":"standard","meta":{"ub_ctt_via":"","_mi_skip_tracking":false},"categories":[13,18],"tags":[],"featured_image_src":"https:\/\/www.messinaoggi.it\/website\/wp-content\/uploads\/2019\/09\/CC-MISTRETTA-1.jpg","author_info":{"display_name":"red..me","author_link":"https:\/\/www.messinaoggi.it\/website\/author\/redstage\/"},"digistream_id":0,"digistream":false,"_links":{"self":[{"href":"https:\/\/www.messinaoggi.it\/website\/wp-json\/wp\/v2\/posts\/36934"}],"collection":[{"href":"https:\/\/www.messinaoggi.it\/website\/wp-json\/wp\/v2\/posts"}],"about":[{"href":"https:\/\/www.messinaoggi.it\/website\/wp-json\/wp\/v2\/types\/post"}],"author":[{"embeddable":true,"href":"https:\/\/www.messinaoggi.it\/website\/wp-json\/wp\/v2\/users\/8"}],"replies":[{"embeddable":true,"href":"https:\/\/www.messinaoggi.it\/website\/wp-json\/wp\/v2\/comments?post=36934"}],"version-history":[{"count":0,"href":"https:\/\/www.messinaoggi.it\/website\/wp-json\/wp\/v2\/posts\/36934\/revisions"}],"wp:featuredmedia":[{"embeddable":true,"href":"https:\/\/www.messinaoggi.it\/website\/wp-json\/wp\/v2\/media\/36938"}],"wp:attachment":[{"href":"https:\/\/www.messinaoggi.it\/website\/wp-json\/wp\/v2\/media?parent=36934"}],"wp:term":[{"taxonomy":"category","embeddable":true,"href":"https:\/\/www.messinaoggi.it\/website\/wp-json\/wp\/v2\/categories?post=36934"},{"taxonomy":"post_tag","embeddable":true,"href":"https:\/\/www.messinaoggi.it\/website\/wp-json\/wp\/v2\/tags?post=36934"}],"curies":[{"name":"wp","href":"https:\/\/api.w.org\/{rel}","templated":true}]}}