{"id":36743,"date":"2019-09-10T12:23:34","date_gmt":"2019-09-10T10:23:34","guid":{"rendered":"https:\/\/www.messinaoggi.it\/website\/?p=36743"},"modified":"2019-09-10T12:23:34","modified_gmt":"2019-09-10T10:23:34","slug":"desertificazione-costituita-allars-la-consulta-per-combatterla","status":"publish","type":"post","link":"https:\/\/www.messinaoggi.it\/website\/2019\/09\/10\/desertificazione-costituita-allars-la-consulta-per-combatterla\/","title":{"rendered":"Desertificazione, costituita all\u2019Ars la consulta per combatterla"},"content":{"rendered":"<p>Oggi \u00e8 stata formalmente costituita all&#8217;Ars la consulta per la lotta alla desertificazione in Sicilia, il cui obiettivo \u00e8 quello di suggerire ed indicare alle istituzioni, attraverso un approccio scientifico e tecnico, una serie di linee guida e piani per la protezione ed il recupero della biodiversit\u00e0, per la riforestazione, per la conversione dei sistemi produttivi agricoli verso l\u2019agroecologia e l\u2019agroforestazione e per il miglioramento delle risorse idriche. L\u2019organismo, che nasce in applicazione della Convenzione delle Nazioni Unite contro la desertificazione, \u00e8 composto dai rappresentanti di enti locali, imprese, associazioni, fondazioni, enti del terzo settore, rappresentanti politici e istituzionali, ed \u00e8 supportata dall\u2019equipe tecnico-scientifica dell\u2019Irssat (Istituto di ricerca, sviluppo e sperimentazione sull\u2019ambiente ed il territorio).<br \/>\nSoddisfatta la deputata regionale del Movimento 5 Stelle Valentina Palmeri, la quale era stata tra le prime firmatarie di una mozione che impegnava il governo regionale a costituire la neonata consulta per contrastare la desertificazione: \u201c<em>Se la Regione ha adottato un piano contro la desertificazione<\/em> &#8211; ricorda Palmeri &#8211; <em>\u00e8 anche grazie all\u2019input che il Movimento 5 Stelle ha dato con una mozione in cui impegnava il governo in questa direzione. Quello della desertificazione \u00e8 un tema scottante, ma non affrontato con il dovuto impegno, specialmente in Sicilia, dove questo fenomeno investe ben oltre il 70 per cento del territorio, secondo i dati aggiornati Irssat. Un dato molto allarmante, se si considera che la media delle altre regioni italiane non supera il 50%, mentre il Paese con la pi\u00f9 alta percentuale di desertificazione in Europa \u00e8 Cipro, con il 57 per cento. In Sicilia \u00e8 acclarato che questa tendenza si inverte nelle aree di parchi, segno che su queste realt\u00e0 bisogna maggiormente investire. Oltre a questo non vi \u00e8 alcun dubbio che vadano attuate politiche incisive per la difesa del verde e del suolo e la consulta sar\u00e0 lo strumento operativo per elaborare studi per settori tematici, con report e proposte che possano diventare leggi e azioni di governo<\/em>\u201d.<div id=\"div-gpt-ad-Messinaoggi.it-DSK-300x250-corpoart\" style=\"text-align:center;margin:0 auto;\"><\/div><\/p>\n<div id=\"videoincontent\" style=\"clear:both\";><\/div>","protected":false},"excerpt":{"rendered":"<p>Oggi \u00e8 stata formalmente costituita all&#8217;Ars la consulta per la lotta alla desertificazione in Sicilia, il cui obiettivo \u00e8 quello di suggerire ed indicare alle istituzioni, attraverso un approccio scientifico e tecnico, una serie di linee guida e piani per la protezione ed il recupero della biodiversit\u00e0, per la riforestazione, per la conversione dei sistemi [&hellip;]<\/p>\n","protected":false},"author":8,"featured_media":36750,"comment_status":"closed","ping_status":"open","sticky":false,"template":"","format":"standard","meta":{"ub_ctt_via":"","_mi_skip_tracking":false},"categories":[11],"tags":[],"featured_image_src":"https:\/\/www.messinaoggi.it\/website\/wp-content\/uploads\/2019\/09\/Palmeri-consulta-desertificazione.jpeg","author_info":{"display_name":"red..me","author_link":"https:\/\/www.messinaoggi.it\/website\/author\/redstage\/"},"digistream_id":0,"digistream":false,"_links":{"self":[{"href":"https:\/\/www.messinaoggi.it\/website\/wp-json\/wp\/v2\/posts\/36743"}],"collection":[{"href":"https:\/\/www.messinaoggi.it\/website\/wp-json\/wp\/v2\/posts"}],"about":[{"href":"https:\/\/www.messinaoggi.it\/website\/wp-json\/wp\/v2\/types\/post"}],"author":[{"embeddable":true,"href":"https:\/\/www.messinaoggi.it\/website\/wp-json\/wp\/v2\/users\/8"}],"replies":[{"embeddable":true,"href":"https:\/\/www.messinaoggi.it\/website\/wp-json\/wp\/v2\/comments?post=36743"}],"version-history":[{"count":0,"href":"https:\/\/www.messinaoggi.it\/website\/wp-json\/wp\/v2\/posts\/36743\/revisions"}],"wp:featuredmedia":[{"embeddable":true,"href":"https:\/\/www.messinaoggi.it\/website\/wp-json\/wp\/v2\/media\/36750"}],"wp:attachment":[{"href":"https:\/\/www.messinaoggi.it\/website\/wp-json\/wp\/v2\/media?parent=36743"}],"wp:term":[{"taxonomy":"category","embeddable":true,"href":"https:\/\/www.messinaoggi.it\/website\/wp-json\/wp\/v2\/categories?post=36743"},{"taxonomy":"post_tag","embeddable":true,"href":"https:\/\/www.messinaoggi.it\/website\/wp-json\/wp\/v2\/tags?post=36743"}],"curies":[{"name":"wp","href":"https:\/\/api.w.org\/{rel}","templated":true}]}}