{"id":36676,"date":"2019-09-06T17:57:31","date_gmt":"2019-09-06T15:57:31","guid":{"rendered":"https:\/\/www.messinaoggi.it\/website\/?p=36676"},"modified":"2019-09-06T17:57:31","modified_gmt":"2019-09-06T15:57:31","slug":"ospedale-mistretta-calapai-uil-fpl-chiede-audizione-in-commissione-sanita-ospedale-depotenziato","status":"publish","type":"post","link":"https:\/\/www.messinaoggi.it\/website\/2019\/09\/06\/ospedale-mistretta-calapai-uil-fpl-chiede-audizione-in-commissione-sanita-ospedale-depotenziato\/","title":{"rendered":"Ospedale Mistretta, Calapai (Uil-Fpl) chiede audizione in Commissione Sanit\u00e0: &quot;Ospedale depotenziato&quot;"},"content":{"rendered":"<p style=\"text-align: justify;\">Riguardo le criticit\u00e0 dell\u2019ospedale di Mistretta, pi\u00f9 volte denunciate dalla Uil-Fpl all\u2019Asp di Messina e all\u2019Assessore regionale alla Salute, <strong>Pippo Calapai<\/strong>, segretario generale del sindacato, ha inviato una richiesta di audizione al Presidente della 6. Commissione regionale Sanit\u00e0.<div id=\"div-gpt-ad-Messinaoggi.it-DSK-300x250-corpoart\" style=\"text-align:center;margin:0 auto;\"><\/div><\/p>\n<p style=\"text-align: justify;\">\u201c<em>La scrivente Organizzazione Sindacale \u00e8 fortemente preoccupata per quanto sta accadendo quotidianamente all\u2019ospedale di Mistretta<\/em>\u201d. E\u2019 quanto si legge nella nota inviata a Palermo.<div id=\"videoincontent\" style=\"clear:both\";><\/div><\/p>\n<p style=\"text-align: justify;\">\u201c<em>Infatti, le azioni poste in essere da parte del management dell\u2019Asp di Messina, anzich\u00e9 essere volte al ripristino della piena funzionalit\u00e0 dell\u2019ospedale di Mistretta, classificato dal D.A. n. 22\/2019 quale \u2018Presidio di Area Disagiata\u2019 per la sua posizione Strategica nell\u2019area nebroidea della Halesa, a salvaguardia della popolazione che vi risiede, sembrano invece volte a depotenziarlo sempre pi\u00f9 arrivando in alcuni casi a comprometterne la sua minima funzionalit\u00e0 e sicurezza. Da diverso tempo \u00e8 posta in essere una vera e propria \u2018spoliazione\u2019 del Presidio Ospedaliero, denunciata in pi\u00f9 occasioni dalla Uil-Fpl. Nel tempo sono state sottratte risorse umane, mediche e infermieristiche che hanno comportato chiusura di attivit\u00e0 e disagio alla popolazione del circondario. Recentemente si \u00e8 arrivati a concepire il Presidio come fonte di \u2018ricambi di attrezzatura medica e presidi tecnologici\u201d di vitale importanza per l\u2019ospedale stesso che potrebbero mettere a rischio la sua stessa funzionalit\u00e0 come nel caso di attrezzature in uso alle sale operatorie per arrivare finanche all\u2019isola neonatale. Inoltre, appare incomprensibile come il Presidio Ospedaliero di Mistretta sia a tutt\u2019oggi privo, in violazione di legge, della Direzione Medica di Presidio<\/em>\u201d.<\/p>\n<p style=\"text-align: justify;\">Per questo motivi, <strong>Pippo Calapai<\/strong> ha richiesta un\u2019audizione al presidente della 6. Commissione regionale Sanit\u00e0.<\/p>\n<p style=\"text-align: justify;\">Intanto, la Uil-Fpl \u201c<em>Esprime solidariet\u00e0 nei confronti dell\u2019infermiera del Pronto Soccorso dell\u2019ospedlae di Mistretta che ha subito durante l\u2019espletamento del turno notturno una vile ed inqualificabile aggressione.<\/em> <em>L\u2019Asp, cos\u00ec come sta gi\u00e0 facendo per alcuni Pronto Soccorso deve garantire anche nei P.O. di Mistretta e Lipari il servizio di guardia giurata armata al fine di evitare il ripetersi di fatti cos\u00ec gravi.<\/em> <em>Non esistono nella stessa Azienda Pronto Soccorsi di serie A e Pronto Soccorsi di serie B, non esistono lavoratori di serie A e lavoratori di serie B. La tutela dell\u2019integrit\u00e0 fisica va garantita nei confronti di tutti i lavoratori dell\u2019ASP.<\/em> <em>Pertanto, si chiede con la massima urgenza di provvedere disponendo l\u2019erogazione del servizio di guardia armata in tutti i Pronto Soccorsi di tutti i Presidi Ospedalieri, a salvaguardia della tutela e dell\u2019integrit\u00e0 fisica degli operatori<\/em>\u201d.<\/p>\n","protected":false},"excerpt":{"rendered":"<p>Riguardo le criticit\u00e0 dell\u2019ospedale di Mistretta, pi\u00f9 volte denunciate dalla Uil-Fpl all\u2019Asp di Messina e all\u2019Assessore regionale alla Salute, Pippo Calapai, segretario generale del sindacato, ha inviato una richiesta di audizione al Presidente della 6. Commissione regionale Sanit\u00e0. \u201cLa scrivente Organizzazione Sindacale \u00e8 fortemente preoccupata per quanto sta accadendo quotidianamente all\u2019ospedale di Mistretta\u201d. E\u2019 quanto [&hellip;]<\/p>\n","protected":false},"author":2,"featured_media":8378,"comment_status":"closed","ping_status":"open","sticky":false,"template":"","format":"standard","meta":{"ub_ctt_via":"","_mi_skip_tracking":false},"categories":[6],"tags":[],"featured_image_src":"https:\/\/www.messinaoggi.it\/website\/wp-content\/uploads\/2017\/09\/calapai-uilRRP_8323-2.jpg","author_info":{"display_name":"Redazione","author_link":"https:\/\/www.messinaoggi.it\/website\/author\/redazione\/"},"digistream_id":0,"digistream":false,"_links":{"self":[{"href":"https:\/\/www.messinaoggi.it\/website\/wp-json\/wp\/v2\/posts\/36676"}],"collection":[{"href":"https:\/\/www.messinaoggi.it\/website\/wp-json\/wp\/v2\/posts"}],"about":[{"href":"https:\/\/www.messinaoggi.it\/website\/wp-json\/wp\/v2\/types\/post"}],"author":[{"embeddable":true,"href":"https:\/\/www.messinaoggi.it\/website\/wp-json\/wp\/v2\/users\/2"}],"replies":[{"embeddable":true,"href":"https:\/\/www.messinaoggi.it\/website\/wp-json\/wp\/v2\/comments?post=36676"}],"version-history":[{"count":0,"href":"https:\/\/www.messinaoggi.it\/website\/wp-json\/wp\/v2\/posts\/36676\/revisions"}],"wp:featuredmedia":[{"embeddable":true,"href":"https:\/\/www.messinaoggi.it\/website\/wp-json\/wp\/v2\/media\/8378"}],"wp:attachment":[{"href":"https:\/\/www.messinaoggi.it\/website\/wp-json\/wp\/v2\/media?parent=36676"}],"wp:term":[{"taxonomy":"category","embeddable":true,"href":"https:\/\/www.messinaoggi.it\/website\/wp-json\/wp\/v2\/categories?post=36676"},{"taxonomy":"post_tag","embeddable":true,"href":"https:\/\/www.messinaoggi.it\/website\/wp-json\/wp\/v2\/tags?post=36676"}],"curies":[{"name":"wp","href":"https:\/\/api.w.org\/{rel}","templated":true}]}}