{"id":36610,"date":"2019-09-04T11:41:34","date_gmt":"2019-09-04T09:41:34","guid":{"rendered":"https:\/\/www.messinaoggi.it\/website\/?p=36610"},"modified":"2019-09-04T11:41:34","modified_gmt":"2019-09-04T09:41:34","slug":"lavori-al-ponte-termini-confermato-il-senso-unico-alternato","status":"publish","type":"post","link":"https:\/\/www.messinaoggi.it\/website\/2019\/09\/04\/lavori-al-ponte-termini-confermato-il-senso-unico-alternato\/","title":{"rendered":"Lavori al ponte Termini: confermato il senso unico alternato"},"content":{"rendered":"<p style=\"text-align: justify\">\u00c8 di qualche giorno fa la notizia secondo cui l\u2019assessore regionale alle Infrastrutture Marco Falcone rassicurava sul fatto che l\u2019Anas avrebbe realizzato, in vista degli imminenti lavori di ristrutturazione del ponte \u201cTermini\u201d, una qualche forma di viabilit\u00e0 lungo la costa tirrenica, cos\u00ec da non interdire del tutto il traffico veicolare che quotidianamente si riversa su quest&#8217;arteria stradale. Adesso emergono maggiori dettagli su come si proceder\u00e0 concretamente nel realizzare tale viabilit\u00e0, e in particolare, stando a quanto dichiarato dal sindaco di Barcellona Pozzo di Gotto Roberto Materia, verr\u00e0 chiusa met\u00e0 della careggiata del ponte durante i lavori di ristrutturazione dello stesso, al fine di consentire la realizzazione di un senso unico alternato ricorrendo alla met\u00e0 restante.<div id=\"div-gpt-ad-Messinaoggi.it-DSK-300x250-corpoart\" style=\"text-align:center;margin:0 auto;\"><\/div><\/p>\n<p style=\"text-align: justify\">Ancora niente di ufficiale sia chiaro. Il primo cittadino spiega infatti di aver ricevuto la comunicazione sull\u2019implementazione del senso unico alternato attraverso l\u2019uso di canali informali, ma data l\u2019autorevolezza della fonte possiamo comunque essere quasi certi che il senso unico alternato si far\u00e0. Nel dettaglio, Materia spiega di aver ricevuto nei giorni scorsi una telefonata da uno dei responsabili di Anas Sicilia, che ha dato il suo ok alla rimodulazione dei lavori di ristrutturazione del ponte Termini: \u201cSebbene ancora in via ufficiosa, &#8211; dichiara Materia &#8211; il responsabile del Coordinamento Territoriale per la Sicilia di Anas nei giorni scorsi mi ha comunicato telefonicamente che la Direzione nazionale dell\u2019Azienda ha autorizzato la riformulazione del progetto d\u2019intervento per la ristrutturazione del ponte Termini in modo da consentire comunque lo scorrimento dei flussi veicolari sul ponte stesso durante l\u2019esecuzione dei lavori. Durante i lavori, che saranno eseguiti alternativamente su ciascuna met\u00e0 dell\u2019impalcato in modo da interessare di volta in volta soltanto met\u00e0 della carreggiata, il transito sul ponte potr\u00e0 avvenire in forma ridotta, a senso unico alternato\u201d.<div id=\"videoincontent\" style=\"clear:both\";><\/div><\/p>\n<p style=\"text-align: justify\">La proposta di modifica del progetto era stata avanzata nei mesi scorsi da parte delle amministrazioni di Barcellona Pozzo di Gotto e Terme Vigliatore. Consapevoli dell\u2019importanza del tratto stradale in questione, hanno ritenuto opportuno provare a mettersi in contatto con il governo regionale per implementare il senso unico alternato: \u201cL\u2019iniziativa va nella direzione proposta nei mesi scorsi dalle comunit\u00e0 territoriali di Barcellona Pozzo di Gotto e di Terme Vigliatore, &#8211; spiega Materia &#8211; in questo autorevolmente sostenute dall\u2019assessore regionale alle Infrastrutture, che avevano ritenuto inadeguate le ipotesi di viabilit\u00e0 alternativa approntate dall\u2019Anas (totale chiusura al transito del ponte e viabilit\u00e0 alternativa esclusivamente lungo la strada litoranea e autostrada), ipotesi che invece possono utilmente accompagnare e completare la soluzione odierna, che comporta comunque un inevitabile sacrificio per l\u2019utenza. Un sincero ringraziamento, dunque, \u00e8 doveroso e gradito rivolgere alla Direzione Anas, pronta ad ascoltare le osservazioni della comunit\u00e0 e a valutare e ad accogliere le proposte avanzate in ambito locale. Grazie infine all\u2019assessore Marco Falcone e al direttore generale dell\u2019Assessorato Fulvio Bellomo, che hanno sostenuto l\u2019iniziativa delle amministrazioni comunali\u201d.<\/p>\n","protected":false},"excerpt":{"rendered":"<p>\u00c8 di qualche giorno fa la notizia secondo cui l\u2019assessore regionale alle Infrastrutture Marco Falcone rassicurava sul fatto che l\u2019Anas avrebbe realizzato, in vista degli imminenti lavori di ristrutturazione del ponte \u201cTermini\u201d, una qualche forma di viabilit\u00e0 lungo la costa tirrenica, cos\u00ec da non interdire del tutto il traffico veicolare che quotidianamente si riversa su [&hellip;]<\/p>\n","protected":false},"author":10,"featured_media":36493,"comment_status":"closed","ping_status":"open","sticky":false,"template":"","format":"standard","meta":{"ub_ctt_via":"","_mi_skip_tracking":false},"categories":[13,14],"tags":[],"featured_image_src":"https:\/\/www.messinaoggi.it\/website\/wp-content\/uploads\/2019\/08\/ponte-termini.jpg","author_info":{"display_name":"Paolo Mustica","author_link":"https:\/\/www.messinaoggi.it\/website\/author\/p-mustica\/"},"digistream_id":0,"digistream":false,"_links":{"self":[{"href":"https:\/\/www.messinaoggi.it\/website\/wp-json\/wp\/v2\/posts\/36610"}],"collection":[{"href":"https:\/\/www.messinaoggi.it\/website\/wp-json\/wp\/v2\/posts"}],"about":[{"href":"https:\/\/www.messinaoggi.it\/website\/wp-json\/wp\/v2\/types\/post"}],"author":[{"embeddable":true,"href":"https:\/\/www.messinaoggi.it\/website\/wp-json\/wp\/v2\/users\/10"}],"replies":[{"embeddable":true,"href":"https:\/\/www.messinaoggi.it\/website\/wp-json\/wp\/v2\/comments?post=36610"}],"version-history":[{"count":0,"href":"https:\/\/www.messinaoggi.it\/website\/wp-json\/wp\/v2\/posts\/36610\/revisions"}],"wp:featuredmedia":[{"embeddable":true,"href":"https:\/\/www.messinaoggi.it\/website\/wp-json\/wp\/v2\/media\/36493"}],"wp:attachment":[{"href":"https:\/\/www.messinaoggi.it\/website\/wp-json\/wp\/v2\/media?parent=36610"}],"wp:term":[{"taxonomy":"category","embeddable":true,"href":"https:\/\/www.messinaoggi.it\/website\/wp-json\/wp\/v2\/categories?post=36610"},{"taxonomy":"post_tag","embeddable":true,"href":"https:\/\/www.messinaoggi.it\/website\/wp-json\/wp\/v2\/tags?post=36610"}],"curies":[{"name":"wp","href":"https:\/\/api.w.org\/{rel}","templated":true}]}}