{"id":36606,"date":"2019-09-04T10:30:01","date_gmt":"2019-09-04T08:30:01","guid":{"rendered":"https:\/\/www.messinaoggi.it\/website\/?p=36606"},"modified":"2019-09-04T10:30:01","modified_gmt":"2019-09-04T08:30:01","slug":"s-agata-militello-aveva-rubato-quattro-scooter-catanese-finisce-in-manette","status":"publish","type":"post","link":"https:\/\/www.messinaoggi.it\/website\/2019\/09\/04\/s-agata-militello-aveva-rubato-quattro-scooter-catanese-finisce-in-manette\/","title":{"rendered":"S. Agata Militello, aveva rubato quattro scooter: catanese finisce in manette"},"content":{"rendered":"<p>Dovr\u00e0 rispondere del reato di furto aggravato continuato un catanese di 27 anni (V.G.A. le sue iniziali), in quanto luned\u00ec scorso \u00e8 stato sorpreso con quattro scooter che aveva precedentemente rubato nel comune di Sant\u2019Agata Militello.<br \/>\nDa diversi giorni, per contrastare i furti consumati nell\u2019ultimo periodo nel circondario, i carabinieri della Compagnia di Sant\u2019Agata Militello avevano predisposto mirati servizi di osservazione e controllo del territorio anche con l\u2019impiego di pattuglie con personale in abiti borghesi. Proprio luned\u00ec scorso, a seguito di una segnalazione circa un furto di uno scooter nel centro abitato di Sant\u2019Agata Militello, una pattuglia della Sezione Radiomobile ha intercettato un furgone condotto da un uomo che, mentre stava per immettersi sull\u2019autostrada, alla vista dei militari ha abbandonato il mezzo, tentando la fuga. I carabinieri sono riusciti a bloccare l\u2019individuo e hanno iniziato perquisire il furgone: durante la perquisizione sono stati rinvenuti quattro scooter che dagli accertamenti risultavano essere stati rubati nelle ore precedenti nel comune di Sant\u2019Agata Militello.<br \/>\nPertanto, il furgone e i quattro scooter sono stati sequestrati e l\u2019uomo \u00e8 stato arrestato. Nella mattinata di ieri, l\u2019arrestato \u00e8 stato condotto dinnanzi al Giudice presso il Tribunale di Patti per essere giudicato con rito direttissimo. L\u2019autorit\u00e0 giudiziaria, dopo aver convalidato l\u2019arresto dei carabinieri, ha disposto per il 27enne la misura degli arresti domiciliari.<div id=\"div-gpt-ad-Messinaoggi.it-DSK-300x250-corpoart\" style=\"text-align:center;margin:0 auto;\"><\/div><\/p>\n<div id=\"videoincontent\" style=\"clear:both\";><\/div>","protected":false},"excerpt":{"rendered":"<p>Dovr\u00e0 rispondere del reato di furto aggravato continuato un catanese di 27 anni (V.G.A. le sue iniziali), in quanto luned\u00ec scorso \u00e8 stato sorpreso con quattro scooter che aveva precedentemente rubato nel comune di Sant\u2019Agata Militello. Da diversi giorni, per contrastare i furti consumati nell\u2019ultimo periodo nel circondario, i carabinieri della Compagnia di Sant\u2019Agata Militello [&hellip;]<\/p>\n","protected":false},"author":8,"featured_media":36607,"comment_status":"closed","ping_status":"open","sticky":false,"template":"","format":"standard","meta":{"ub_ctt_via":"","_mi_skip_tracking":false},"categories":[13,14],"tags":[],"featured_image_src":"https:\/\/www.messinaoggi.it\/website\/wp-content\/uploads\/2019\/09\/scooter-rubati-a-santagata-militello.jpg","author_info":{"display_name":"red..me","author_link":"https:\/\/www.messinaoggi.it\/website\/author\/redstage\/"},"digistream_id":0,"digistream":false,"_links":{"self":[{"href":"https:\/\/www.messinaoggi.it\/website\/wp-json\/wp\/v2\/posts\/36606"}],"collection":[{"href":"https:\/\/www.messinaoggi.it\/website\/wp-json\/wp\/v2\/posts"}],"about":[{"href":"https:\/\/www.messinaoggi.it\/website\/wp-json\/wp\/v2\/types\/post"}],"author":[{"embeddable":true,"href":"https:\/\/www.messinaoggi.it\/website\/wp-json\/wp\/v2\/users\/8"}],"replies":[{"embeddable":true,"href":"https:\/\/www.messinaoggi.it\/website\/wp-json\/wp\/v2\/comments?post=36606"}],"version-history":[{"count":0,"href":"https:\/\/www.messinaoggi.it\/website\/wp-json\/wp\/v2\/posts\/36606\/revisions"}],"wp:featuredmedia":[{"embeddable":true,"href":"https:\/\/www.messinaoggi.it\/website\/wp-json\/wp\/v2\/media\/36607"}],"wp:attachment":[{"href":"https:\/\/www.messinaoggi.it\/website\/wp-json\/wp\/v2\/media?parent=36606"}],"wp:term":[{"taxonomy":"category","embeddable":true,"href":"https:\/\/www.messinaoggi.it\/website\/wp-json\/wp\/v2\/categories?post=36606"},{"taxonomy":"post_tag","embeddable":true,"href":"https:\/\/www.messinaoggi.it\/website\/wp-json\/wp\/v2\/tags?post=36606"}],"curies":[{"name":"wp","href":"https:\/\/api.w.org\/{rel}","templated":true}]}}