{"id":36590,"date":"2019-09-03T10:22:24","date_gmt":"2019-09-03T08:22:24","guid":{"rendered":"https:\/\/www.messinaoggi.it\/website\/?p=36590"},"modified":"2019-09-03T10:22:24","modified_gmt":"2019-09-03T08:22:24","slug":"assunzione-lavoratori-asu-nellirccs-csa-quali-i-criteri-seguiti","status":"publish","type":"post","link":"https:\/\/www.messinaoggi.it\/website\/2019\/09\/03\/assunzione-lavoratori-asu-nellirccs-csa-quali-i-criteri-seguiti\/","title":{"rendered":"Assunzione lavoratori Asu nell&#039;Irccs, Csa: &quot;Quali i criteri seguiti?&quot;"},"content":{"rendered":"<p>Quali sono stati i criteri seguiti per la selezione dei lavoratori Asu nell\u2019Irccs &#8220;Centro Neurolesi Bonino-Pulejo&#8221; di Messina? \u00c8 quanto si chiede in sintesi il sindacato autonomo Csa, il quale adesso chiede dei chiarimenti ai vertici dell\u2019Asp 5 di Messina e dell\u2019Irccs: \u201c<em>Contestiamo la delibera del direttore generale dell&#8217;Irccs con la quale si approva la convenzione con la cooperativa &#8216;Il Quadrifoglio&#8217; per la mobilit\u00e0 dei lavoratori Asu destinatari del regime transitorio<\/em>\u201d, dichiara la dirigente sindacale Clara Croc\u00e8, che poi aggiunge: \u201c<em>Sull&#8217;Albo Pretorio \u00e8 stata pubblicata una delibera con la quale si dispone la mobilit\u00e0 di 5 unit\u00e0: 2 gi\u00e0 impegnate dall&#8217;Irccs e 3 assunte dall\u2019Irccs in mobilit\u00e0 e provenienti dall&#8217;Asp di Messina. Non riusciamo a comprendere\u00a0i criteri\u00a0seguiti per la scelta dei\u00a03 fortunati lavoratori Asu che attualmente svolgono la propria attivit\u00e0 presso l\u2019Asp 5 insieme ad altri 72 lavoratori, n\u00e9 i motivi per i quali l&#8217;Azienda Sanitaria, il Centro Neurolesi e la coop Il Quadrifoglio non abbiano fornito adeguate informazioni ai sindacati<\/em>. <em>Per questo motivo, il Csa ha inviato una nota dettagliata ai dirigenti generali degli assessorati regionali al Lavoro e alla Salute, agli assessori competenti Scavone e Razza e ai direttori generali dell&#8217;Irccs e dell&#8217;Asp 5\u201d. <\/em><br \/>\n<em>\u201cChiediamo non solo chiarimenti in merito alla procedura seguita,<\/em> &#8211; prosegue Croc\u00e8 &#8211; <em>ma anche la copia di tutti gli atti che dovrebbero essere allegati alla delibera e non sono stati pubblicati: la convenzione stipulata con la cooperativa, l&#8217;impegno alla stabilizzazione secondo il piano del fabbisogno del Neurolesi, il programma di stabilizzazione.<\/em><br \/>\n\u201c<em>Dal 1998 si utilizzano gli Asu per coprire le carenze in organico sia negli Enti Locali che nella sanit\u00e0. Adesso \u00e8 il momento di dire basta e metteremo in atto diverse iniziative di protesta, a partire da quella nei confronti dell\u2019azienda Sanitaria 5<\/em>\u201d.<div id=\"div-gpt-ad-Messinaoggi.it-DSK-300x250-corpoart\" style=\"text-align:center;margin:0 auto;\"><\/div><\/p>\n<div id=\"videoincontent\" style=\"clear:both\";><\/div>","protected":false},"excerpt":{"rendered":"<p>Quali sono stati i criteri seguiti per la selezione dei lavoratori Asu nell\u2019Irccs &#8220;Centro Neurolesi Bonino-Pulejo&#8221; di Messina? \u00c8 quanto si chiede in sintesi il sindacato autonomo Csa, il quale adesso chiede dei chiarimenti ai vertici dell\u2019Asp 5 di Messina e dell\u2019Irccs: \u201cContestiamo la delibera del direttore generale dell&#8217;Irccs con la quale si approva la [&hellip;]<\/p>\n","protected":false},"author":8,"featured_media":2180,"comment_status":"closed","ping_status":"open","sticky":false,"template":"","format":"standard","meta":{"ub_ctt_via":"","_mi_skip_tracking":false},"categories":[4],"tags":[],"featured_image_src":"https:\/\/www.messinaoggi.it\/website\/wp-content\/uploads\/2017\/06\/clara-croce-cgil-2.jpg","author_info":{"display_name":"red..me","author_link":"https:\/\/www.messinaoggi.it\/website\/author\/redstage\/"},"digistream_id":0,"digistream":false,"_links":{"self":[{"href":"https:\/\/www.messinaoggi.it\/website\/wp-json\/wp\/v2\/posts\/36590"}],"collection":[{"href":"https:\/\/www.messinaoggi.it\/website\/wp-json\/wp\/v2\/posts"}],"about":[{"href":"https:\/\/www.messinaoggi.it\/website\/wp-json\/wp\/v2\/types\/post"}],"author":[{"embeddable":true,"href":"https:\/\/www.messinaoggi.it\/website\/wp-json\/wp\/v2\/users\/8"}],"replies":[{"embeddable":true,"href":"https:\/\/www.messinaoggi.it\/website\/wp-json\/wp\/v2\/comments?post=36590"}],"version-history":[{"count":0,"href":"https:\/\/www.messinaoggi.it\/website\/wp-json\/wp\/v2\/posts\/36590\/revisions"}],"wp:featuredmedia":[{"embeddable":true,"href":"https:\/\/www.messinaoggi.it\/website\/wp-json\/wp\/v2\/media\/2180"}],"wp:attachment":[{"href":"https:\/\/www.messinaoggi.it\/website\/wp-json\/wp\/v2\/media?parent=36590"}],"wp:term":[{"taxonomy":"category","embeddable":true,"href":"https:\/\/www.messinaoggi.it\/website\/wp-json\/wp\/v2\/categories?post=36590"},{"taxonomy":"post_tag","embeddable":true,"href":"https:\/\/www.messinaoggi.it\/website\/wp-json\/wp\/v2\/tags?post=36590"}],"curies":[{"name":"wp","href":"https:\/\/api.w.org\/{rel}","templated":true}]}}