{"id":36492,"date":"2019-08-29T11:01:51","date_gmt":"2019-08-29T09:01:51","guid":{"rendered":"https:\/\/www.messinaoggi.it\/website\/?p=36492"},"modified":"2019-08-29T11:01:51","modified_gmt":"2019-08-29T09:01:51","slug":"terme-vigliatore-rinvitati-i-lavori-al-ponte-termini-lanas-creera-viabilita-alternativa","status":"publish","type":"post","link":"https:\/\/www.messinaoggi.it\/website\/2019\/08\/29\/terme-vigliatore-rinvitati-i-lavori-al-ponte-termini-lanas-creera-viabilita-alternativa\/","title":{"rendered":"Terme Vigliatore, rinvitati i lavori al ponte &quot;Termini&quot;. L&#039;Anas creer\u00e0 viabilit\u00e0 alternativa"},"content":{"rendered":"<p>L\u2019assessore regionale alle Infrastrutture Marco Falcone ha reso noto che i lavori di ristrutturazione del ponte \u201cTermini\u201d \u2013 ubicato sulla Ss 113, nel comune di Terme Vigliatore \u2013 sono stati rinviati a met\u00e0 settembre, periodo nel quale sar\u00e0 stata riaperta da almeno cinque giorni la tratta ferroviaria Patti-Gioiosa Marea, cos\u00ec da garantire una valvola di sfogo alla mobilit\u00e0 lungo la costa tirrenica, considerato che il suddetto ponte sar\u00e0 chiuso al traffico veicolare durante i lavori di ristrutturazione. In ogni caso, l\u2019Anas ha garantito a Falcone che in questi giorni proceder\u00e0 con la realizzazione di una vera e propria viabilit\u00e0 alternativa a quella del ponte Termini.<br \/>\n\u201c<em>L&#8217;Anas<\/em> &#8211; dichiara Falcone &#8211; <em>ha preso l&#8217;impegno per la creazione di una viabilit\u00e0 alternativa a quella del ponte Termini durante il periodo in cui l&#8217;infrastruttura sar\u00e0 chiusa al traffico per i lavori di ristrutturazione. Inoltre, dando seguito alle richieste provenienti dal territorio come quelle dei sindaci di Barcellona Pozzo di Gotto e Terme Vigliatore, i lavori sono stati rinviati alla met\u00e0 di settembre, quando cio\u00e8 sar\u00e0 riaperta la tratta ferroviaria Patti-Gioiosa Marea. Il 10 settembre, infatti, una volta\u00a0conclusi i lavori alla galleria Montegnareale,\u00a0la ferrovia torner\u00e0 in funzione, assicurando cos\u00ec un&#8217;ulteriore valvola di sfogo alla\u00a0mobilit\u00e0 lungo la costa tirrenica<\/em>\u201d.<br \/>\n\u201c<em>Voglio ringraziare l\u2019Anas <\/em>&#8211; ha concluso Falcone &#8211;<em> per la disponibilit\u00e0 dimostrataci, siamo certi che la soluzione che ci verr\u00e0 prospettata sar\u00e0 all&#8217;altezza delle esigenze del territorio<\/em>\u201d.<div id=\"div-gpt-ad-Messinaoggi.it-DSK-300x250-corpoart\" style=\"text-align:center;margin:0 auto;\"><\/div><\/p>\n<div id=\"videoincontent\" style=\"clear:both\";><\/div>","protected":false},"excerpt":{"rendered":"<p>L\u2019assessore regionale alle Infrastrutture Marco Falcone ha reso noto che i lavori di ristrutturazione del ponte \u201cTermini\u201d \u2013 ubicato sulla Ss 113, nel comune di Terme Vigliatore \u2013 sono stati rinviati a met\u00e0 settembre, periodo nel quale sar\u00e0 stata riaperta da almeno cinque giorni la tratta ferroviaria Patti-Gioiosa Marea, cos\u00ec da garantire una valvola di [&hellip;]<\/p>\n","protected":false},"author":8,"featured_media":36493,"comment_status":"closed","ping_status":"open","sticky":false,"template":"","format":"standard","meta":{"ub_ctt_via":"","_mi_skip_tracking":false},"categories":[13,14],"tags":[],"featured_image_src":"https:\/\/www.messinaoggi.it\/website\/wp-content\/uploads\/2019\/08\/ponte-termini.jpg","author_info":{"display_name":"red..me","author_link":"https:\/\/www.messinaoggi.it\/website\/author\/redstage\/"},"digistream_id":0,"digistream":false,"_links":{"self":[{"href":"https:\/\/www.messinaoggi.it\/website\/wp-json\/wp\/v2\/posts\/36492"}],"collection":[{"href":"https:\/\/www.messinaoggi.it\/website\/wp-json\/wp\/v2\/posts"}],"about":[{"href":"https:\/\/www.messinaoggi.it\/website\/wp-json\/wp\/v2\/types\/post"}],"author":[{"embeddable":true,"href":"https:\/\/www.messinaoggi.it\/website\/wp-json\/wp\/v2\/users\/8"}],"replies":[{"embeddable":true,"href":"https:\/\/www.messinaoggi.it\/website\/wp-json\/wp\/v2\/comments?post=36492"}],"version-history":[{"count":0,"href":"https:\/\/www.messinaoggi.it\/website\/wp-json\/wp\/v2\/posts\/36492\/revisions"}],"wp:featuredmedia":[{"embeddable":true,"href":"https:\/\/www.messinaoggi.it\/website\/wp-json\/wp\/v2\/media\/36493"}],"wp:attachment":[{"href":"https:\/\/www.messinaoggi.it\/website\/wp-json\/wp\/v2\/media?parent=36492"}],"wp:term":[{"taxonomy":"category","embeddable":true,"href":"https:\/\/www.messinaoggi.it\/website\/wp-json\/wp\/v2\/categories?post=36492"},{"taxonomy":"post_tag","embeddable":true,"href":"https:\/\/www.messinaoggi.it\/website\/wp-json\/wp\/v2\/tags?post=36492"}],"curies":[{"name":"wp","href":"https:\/\/api.w.org\/{rel}","templated":true}]}}