{"id":36456,"date":"2019-08-28T09:35:27","date_gmt":"2019-08-28T07:35:27","guid":{"rendered":"https:\/\/www.messinaoggi.it\/website\/?p=36456"},"modified":"2019-08-28T09:35:27","modified_gmt":"2019-08-28T07:35:27","slug":"guardie-armate-nei-pronto-soccorso-uil-fpl-il-personale-al-sicuro-grazie-a-nostra-insistenza","status":"publish","type":"post","link":"https:\/\/www.messinaoggi.it\/website\/2019\/08\/28\/guardie-armate-nei-pronto-soccorso-uil-fpl-il-personale-al-sicuro-grazie-a-nostra-insistenza\/","title":{"rendered":"Guardie armate nei Pronto soccorso, Uil-Fpl: &quot;Il personale al sicuro grazie a nostra insistenza&quot;"},"content":{"rendered":"<p class=\"p1\" style=\"text-align: justify;\"><span class=\"s1\">L\u2019Asp di Messina ha deciso che dal 16 prossimo settembre i Pronto soccorso degli ospedali di Taormina, Barcellona Pozzo di Gotto, Patti e Sant\u2019Agata Militello saranno presidiati da guardie armate. Recentemente si sono infatti registrati episodi di violenza nei confronti del personale medico ed infermieristico e ci\u00f2 ha spinto la Uil-Fpl a richiedere con insistenza la vigilanza armata.<\/span><div id=\"div-gpt-ad-Messinaoggi.it-DSK-300x250-corpoart\" style=\"text-align:center;margin:0 auto;\"><\/div><\/p>\n<p class=\"p1\" style=\"text-align: justify;\"><span class=\"s1\">\u201c<i>La notizia non pu\u00f2 che essere accolta con entusiasmo \u2013 affermano all\u2019unisono\u00a0<\/i><b><i>Pippo Calapai<\/i><\/b><i>,\u00a0<\/i><b><i>Mario Macr\u00ec<\/i><\/b><i>\u00a0e\u00a0<\/i><b><i>Giovanni Caminiti<\/i><\/b><i>, rispettivamente segretario generale, responsabile area medica e segretario aziendale di Taormina della Uil-Fpl \u2013 dal momento che nostra organizzazione sindacale ha chiesto al direttore generale dell\u2019Asp, a pi\u00f9 riprese la presenza di personale armato a tutela del personale. La presenza delle guardie consentir\u00e0 a medici e infermieri di lavorare in un clima di serenit\u00e0 dal momento che le guardie costituiranno un deterrente per i malintenzionati che, in un recente passato, hanno scagliato le proprie ire contro gli operatori del comparto, mettendo a repentaglio la loro integrit\u00e0 fisica e morale. Siamo soddisfatti perch\u00e9 le nostre istanza hanno trovato accoglimento nel managment dell\u2019Asp che ha trovato le risorse per una soluzione tampone ma con la prospettiva che la vigilanza armata possa essere stabile come annunciato dallo stesso direttore generale<\/i>\u201d.<\/span><div id=\"videoincontent\" style=\"clear:both\";><\/div><\/p>\n","protected":false},"excerpt":{"rendered":"<p>L\u2019Asp di Messina ha deciso che dal 16 prossimo settembre i Pronto soccorso degli ospedali di Taormina, Barcellona Pozzo di Gotto, Patti e Sant\u2019Agata Militello saranno presidiati da guardie armate. Recentemente si sono infatti registrati episodi di violenza nei confronti del personale medico ed infermieristico e ci\u00f2 ha spinto la Uil-Fpl a richiedere con insistenza [&hellip;]<\/p>\n","protected":false},"author":2,"featured_media":16288,"comment_status":"closed","ping_status":"open","sticky":false,"template":"","format":"standard","meta":{"ub_ctt_via":"","_mi_skip_tracking":false},"categories":[6],"tags":[],"featured_image_src":"https:\/\/www.messinaoggi.it\/website\/wp-content\/uploads\/2018\/03\/pronto-soccorso-sovraffollato-1.jpg","author_info":{"display_name":"Redazione","author_link":"https:\/\/www.messinaoggi.it\/website\/author\/redazione\/"},"digistream_id":0,"digistream":false,"_links":{"self":[{"href":"https:\/\/www.messinaoggi.it\/website\/wp-json\/wp\/v2\/posts\/36456"}],"collection":[{"href":"https:\/\/www.messinaoggi.it\/website\/wp-json\/wp\/v2\/posts"}],"about":[{"href":"https:\/\/www.messinaoggi.it\/website\/wp-json\/wp\/v2\/types\/post"}],"author":[{"embeddable":true,"href":"https:\/\/www.messinaoggi.it\/website\/wp-json\/wp\/v2\/users\/2"}],"replies":[{"embeddable":true,"href":"https:\/\/www.messinaoggi.it\/website\/wp-json\/wp\/v2\/comments?post=36456"}],"version-history":[{"count":0,"href":"https:\/\/www.messinaoggi.it\/website\/wp-json\/wp\/v2\/posts\/36456\/revisions"}],"wp:featuredmedia":[{"embeddable":true,"href":"https:\/\/www.messinaoggi.it\/website\/wp-json\/wp\/v2\/media\/16288"}],"wp:attachment":[{"href":"https:\/\/www.messinaoggi.it\/website\/wp-json\/wp\/v2\/media?parent=36456"}],"wp:term":[{"taxonomy":"category","embeddable":true,"href":"https:\/\/www.messinaoggi.it\/website\/wp-json\/wp\/v2\/categories?post=36456"},{"taxonomy":"post_tag","embeddable":true,"href":"https:\/\/www.messinaoggi.it\/website\/wp-json\/wp\/v2\/tags?post=36456"}],"curies":[{"name":"wp","href":"https:\/\/api.w.org\/{rel}","templated":true}]}}