{"id":36343,"date":"2019-08-23T11:30:24","date_gmt":"2019-08-23T09:30:24","guid":{"rendered":"https:\/\/www.messinaoggi.it\/website\/?p=36343"},"modified":"2019-08-23T11:30:24","modified_gmt":"2019-08-23T09:30:24","slug":"un-viaggio-nella-storia-di-s-pier-niceto-venerdi-la-presentazione-del-libro-di-privitera","status":"publish","type":"post","link":"https:\/\/www.messinaoggi.it\/website\/2019\/08\/23\/un-viaggio-nella-storia-di-s-pier-niceto-venerdi-la-presentazione-del-libro-di-privitera\/","title":{"rendered":"Un viaggio nella storia di S. Pier Niceto: venerd\u00ec la presentazione del libro di Privitera"},"content":{"rendered":"<p>\u00c8 un viaggio nella piccola grande storia del comune di San Pier Niceto quella che si pu\u00f2 leggere tra le righe del recente volume di Pino Privitera (\u201cSan Pier Niceto 1880-1950. Settant\u2019anni di cronaca politica e sociale\u201d, Lombardo Edizioni), la cui presentazione si terr\u00e0 alle ore 19 del prossimo 30 agosto presso la suggestiva cornice della Chiesa di San Francesco di San Pier Niceto.<br \/>\nUna collettivit\u00e0 modesta ma certamente esemplificativa, quella di San Pier Niceto, viene analizzata nei comportamenti sociali, politici per il breve spazio di tre generazioni, dalla fine dell\u2019800 (1880) al secondo dopoguerra (1950). La ricerca, lo studio avviene casualmente, a seguito del ritrovamento di documenti relativi alla vita del paese, conservati nella casa di famiglia, mai studiati, destinati all\u2019oblio che grazie alla curiosit\u00e0 dell\u2019autore diventano lo spunto, la spinta per la ricostruzione dettagliata e documentata di una storia altrimenti perduta e comunque certamente ignorata dai pi\u00f9. Dalle mute carte vengono estratti elementi utili alla costruzione di un paesaggio, di un ambiente, di vicende politiche e familiari che assumono quasi la forma di un dettagliato dipinto in cui rileggere la travagliata vicenda di un\u2019intera comunit\u00e0.<br \/>\nQuindi, come avviene nella grande storia, anche il piccolo centro peloritano vede l\u2019animata contrapposizione di alcune famiglie egemoni che con ogni mezzo tentano di perpetuare il loro potere.\u00a0 Marzo, Bruno, Lisi, Penna, Visalli, Vermiglia, Meo, Ruggeri e altri parteggiano per ciascun leader e dedicano il loro impegno per il bene del paese ma anche in difesa del proprio prestigio.<br \/>\nDai documenti esaminati dall\u2019autore, il medico Placido Bruno, oltremodo legato al piccolo mondo in cui \u00e8 nato e vive, rinuncia a fulgide prospettive di lavoro per rimanere a San Pier Niceto. Egli \u00e8 infatti allievo apprezzato del professor Francesco Durante, luminare della medicina in quel tempo, medico di fiducia della regina Elena e della famiglia reale. Consapevole delle qualit\u00e0 di Placido Bruno, Durante lo invita a trasferirsi a Roma con prospettive di carriera facilmente intuibili ma Bruno rinuncia per restare nel suo paesello.<br \/>\nSull\u2019opposto fronte politico e sociale troviamo l\u2019avvocato Francesco Marzo, esponente di una famiglia egemone che gi\u00e0 in epoca preunitaria aveva amministrato il paese, pagando pesantemente la propria fedelt\u00e0 al governo dei borboni.<br \/>\nDemo-social-liberali contro conservatori-clericali, una storia vecchia che non \u00e8 ancora finita. Liti, denunce, tante lettere ed esposti anonimi, una lotta serrata che si trasmette di generazione in generazione e che si protrae senza sosta anche durante il fascismo. Ma al di l\u00e0 della vicenda politica, dell\u2019alternarsi altalenante dei protagonisti, le pagine del libro riservano piacevoli sorprese circa aspetti umani, sociali, ambientali, in particolare per quanto riguarda costumi e tradizioni popolari.<br \/>\nSempre puntuale e assolutamente neutrale la lettura dei documenti da parte dell\u2019autore, sottile e raffinato nell\u2019osservazione, circostanza che certamente d\u00e0 spessore, qualit\u00e0 e rende piacevole la lettura del testo con un ritmo letterario che rende l\u2019opera quasi un romanzo che non un libro di storia.<br \/>\nInoltre, grazie alle \u201ccarte\u201d ritrovate, viene ricostruita non solo la vita del paese ma anche i suoi monumenti di cui alcuni purtroppo scomparsi. A San Pier Niceto vi erano ben dieci chiese, tre conventi, quattro fabbricanti di pasta, due produttori di cera. Viene ricordato il fondaco sul torrente Muto come pure il fondaco Colonna presso localit\u00e0 \u201c<em>Fornaci<\/em>\u201d, a monte del villaggio Gesso, lungo la strada della \u201c<em>codda<\/em>\u201d che portava a Messina. Viene ricordata la categoria dei carrettieri, numerosi in paese, che consentivano il trasporto in citt\u00e0 delle derrate alimentari prodotte. Il terremoto del 1908 viene esaminato sotto l\u2019aspetto delle conseguenze sull\u2019economia di San Pier Niceto, in quanto allora venne meno il traffico commerciale con il mercato di Messina.<br \/>\nTante le notizie, spesso originali e la cui validit\u00e0 esula dal ristretto ambito paesano, come i passaggi susseguenti all\u2019avvento del fascismo e le complicanze relative, l\u2019adeguamento al nuovo sistema di potere cos\u00ec come avverr\u00e0 pi\u00f9 tardi con la caduta del regime. Vicende umane raccontate con serenit\u00e0, pur nella drammaticit\u00e0 che a volte assume il racconto della storia. Un volume che si prefigge di contribuire a conservare\u00a0\u00a0 e mantenere viva la memoria evitando che ciascuno, come scrisse S. Zweig, \u201c<em>diventi simile a quei viaggiatori stanchi che si sbarazzano ad ogni tappa di qualche inutile bagaglio, cos\u00ec che giungeranno a mani vuote nel luogo dove devono dormire e nel giorno del grande risveglio saranno come bambini che nulla sanno di ieri<\/em>\u201d.<div id=\"div-gpt-ad-Messinaoggi.it-DSK-300x250-corpoart\" style=\"text-align:center;margin:0 auto;\"><\/div><\/p>\n<div id=\"videoincontent\" style=\"clear:both\";><\/div>","protected":false},"excerpt":{"rendered":"<p>\u00c8 un viaggio nella piccola grande storia del comune di San Pier Niceto quella che si pu\u00f2 leggere tra le righe del recente volume di Pino Privitera (\u201cSan Pier Niceto 1880-1950. Settant\u2019anni di cronaca politica e sociale\u201d, Lombardo Edizioni), la cui presentazione si terr\u00e0 alle ore 19 del prossimo 30 agosto presso la suggestiva cornice [&hellip;]<\/p>\n","protected":false},"author":8,"featured_media":36345,"comment_status":"closed","ping_status":"open","sticky":false,"template":"","format":"standard","meta":{"ub_ctt_via":"","_mi_skip_tracking":false},"categories":[16],"tags":[],"featured_image_src":"https:\/\/www.messinaoggi.it\/website\/wp-content\/uploads\/2019\/08\/locandina-San-Pier-Niceto-1880-1950.-Settantanni-di-cronaca-politica-e-sociale-Copia.jpg","author_info":{"display_name":"red..me","author_link":"https:\/\/www.messinaoggi.it\/website\/author\/redstage\/"},"digistream_id":0,"digistream":false,"_links":{"self":[{"href":"https:\/\/www.messinaoggi.it\/website\/wp-json\/wp\/v2\/posts\/36343"}],"collection":[{"href":"https:\/\/www.messinaoggi.it\/website\/wp-json\/wp\/v2\/posts"}],"about":[{"href":"https:\/\/www.messinaoggi.it\/website\/wp-json\/wp\/v2\/types\/post"}],"author":[{"embeddable":true,"href":"https:\/\/www.messinaoggi.it\/website\/wp-json\/wp\/v2\/users\/8"}],"replies":[{"embeddable":true,"href":"https:\/\/www.messinaoggi.it\/website\/wp-json\/wp\/v2\/comments?post=36343"}],"version-history":[{"count":0,"href":"https:\/\/www.messinaoggi.it\/website\/wp-json\/wp\/v2\/posts\/36343\/revisions"}],"wp:featuredmedia":[{"embeddable":true,"href":"https:\/\/www.messinaoggi.it\/website\/wp-json\/wp\/v2\/media\/36345"}],"wp:attachment":[{"href":"https:\/\/www.messinaoggi.it\/website\/wp-json\/wp\/v2\/media?parent=36343"}],"wp:term":[{"taxonomy":"category","embeddable":true,"href":"https:\/\/www.messinaoggi.it\/website\/wp-json\/wp\/v2\/categories?post=36343"},{"taxonomy":"post_tag","embeddable":true,"href":"https:\/\/www.messinaoggi.it\/website\/wp-json\/wp\/v2\/tags?post=36343"}],"curies":[{"name":"wp","href":"https:\/\/api.w.org\/{rel}","templated":true}]}}