{"id":36339,"date":"2019-08-23T10:50:49","date_gmt":"2019-08-23T08:50:49","guid":{"rendered":"https:\/\/www.messinaoggi.it\/website\/?p=36339"},"modified":"2019-08-23T10:50:49","modified_gmt":"2019-08-23T08:50:49","slug":"sirina-nuova-aggressione-la-uil-fpl-chiede-i-vigilantes-in-ospedale","status":"publish","type":"post","link":"https:\/\/www.messinaoggi.it\/website\/2019\/08\/23\/sirina-nuova-aggressione-la-uil-fpl-chiede-i-vigilantes-in-ospedale\/","title":{"rendered":"Sirina, nuova aggressione: la Uil-Fpl chiede i vigilantes in ospedale"},"content":{"rendered":"<p style=\"text-align: justify;\">\u201cLa scrivente organizzazione sindacale in numerose occasioni ha segnalato, il gravissimo problema che interessa il personale dell\u2019arera Medica e del Comparto, in servizio presso il MCAU di Taormina, relativamente ai numerosi episodi di violenza che si nono verificati. La UIL FPL \u00e8 costretta, a denunciare, a causa di continue inadempienze da parte dell\u2019ASP di Messina, il perdurare della mancanza del personale addetto alla vigilanza\u201d.<div id=\"div-gpt-ad-Messinaoggi.it-DSK-300x250-corpoart\" style=\"text-align:center;margin:0 auto;\"><\/div><\/p>\n<p style=\"text-align: justify;\">Lo scrivono in una nota indirizzata al direttore generale dell\u2019Asp Messina e per conoscenza all\u2019Assessore regionale alla Salute, il segretario generale della UIL FPL, Pippo Calapai, e Giovanni Caminiti, segretario aziendale Taormina.<div id=\"videoincontent\" style=\"clear:both\";><\/div><\/p>\n<p style=\"text-align: justify;\">Il sindacato rammenta, che con note del 06\/04\/18 e del 02\/07\/19 la scrivente ha cercato in tutti i modi di sensibilizzare l\u2019Azienda, al fine di prevenire atti violenti da parte di utenti che accedono al nosocomio nei confronti del personale Sanitario.<\/p>\n<p style=\"text-align: justify;\">\u201cPurtroppo a causa dell\u2019inerzia dell\u2019ASP di Messina si continuano a ripetere episodi intollerabili di violenza, l\u2019ultimo dei quali accaduto in data 17\/08\/19, ove alcuni pazienti\/utenti inspiegabilmente hanno aggredito sia l\u2019infermiere che il medico di turno, contravvenendo alla nuova normativa recante disposizioni in materia di sicurezza per gli esercenti le professioni sanitarie nell\u2019esercizio delle loro funzioni. E\u2019 inverosimile, non solo il personale dell\u2019area Medica si deve sobbarcare di notevoli carico di lavoro a causa di vacanze di organico, cosi come si evince dai vari comunicati stampa del DG ma \u00e8 costretto anche a subire gravi episodi di violenza. Tutto ci\u00f2 a nostro modo di vedere \u00e8 causato da una inspiegabile negligenza del managment Aziendale. Siamo convinti inoltre e di questo dobbiamo solo ringraziare ed esser solidale con il personale Medico che solo per abnegazione e senso di responsabilit\u00e0 di ciascuno di loro si \u00e8 evitato di compromettere il buon funzionamento dell\u2019organizzazione e conseguentemente dell\u2019erogazione del servizio sanitario pubblico. La UIL Fpl dice basta.<\/p>\n<p style=\"text-align: justify;\">I sindacalisti sostengono che non si possono mandare i lavoratori al massacro. Questi ultimi impegnati nello svolgimento dei loro compiti istituzionali, gi\u00e0 oberati di stress, devono rischiare la vita a causa di aggressioni da parte degli utenti, non rispettosi di un pubblico ufficiale che deve poter svolgere il proprio servizio con la massima serenit\u00e0 e professionalit\u00e0.<\/p>\n<p style=\"text-align: justify;\">\u201cChi ha le responsabilit\u00e0 \u2013 conclude la nota &#8211; deve necessariamente intervenire con urgenza, altrimenti diventa complice di tali gravi episodi. Pertanto, si chiede al DG della ASP Messina, solerte in altre occasioni anche non prioritarie, di focalizzarsi su questa grave situazione. La scrivente inoltre, in riferimento alla nota del 02\/07\/19 ritiene, visto i numerosi fatti accaduti che si susseguono continuamente, che sia necessario a questo punto superare l\u2019ter procedurale previsto dal il D.A n\u00b0 3093 del 14\/11\/2018 per la gara di assegnazione del servizio vigilanza armata integrata. Tutto ci\u00f2, affinch\u00e9 l\u2019ASP di Messina si possa dotare urgentemente del personale di vigilanza armata da assegnare non solo al PS di Taormina ma anche a tutti gli altri PS della ASP di Messina.<\/p>\n","protected":false},"excerpt":{"rendered":"<p>\u201cLa scrivente organizzazione sindacale in numerose occasioni ha segnalato, il gravissimo problema che interessa il personale dell\u2019arera Medica e del Comparto, in servizio presso il MCAU di Taormina, relativamente ai numerosi episodi di violenza che si nono verificati. La UIL FPL \u00e8 costretta, a denunciare, a causa di continue inadempienze da parte dell\u2019ASP di Messina, [&hellip;]<\/p>\n","protected":false},"author":2,"featured_media":2273,"comment_status":"closed","ping_status":"open","sticky":false,"template":"","format":"standard","meta":{"ub_ctt_via":"","_mi_skip_tracking":false},"categories":[6,3],"tags":[],"featured_image_src":"https:\/\/www.messinaoggi.it\/website\/wp-content\/uploads\/2017\/06\/Sirina-Ospedale-2.jpg","author_info":{"display_name":"Redazione","author_link":"https:\/\/www.messinaoggi.it\/website\/author\/redazione\/"},"digistream_id":0,"digistream":false,"_links":{"self":[{"href":"https:\/\/www.messinaoggi.it\/website\/wp-json\/wp\/v2\/posts\/36339"}],"collection":[{"href":"https:\/\/www.messinaoggi.it\/website\/wp-json\/wp\/v2\/posts"}],"about":[{"href":"https:\/\/www.messinaoggi.it\/website\/wp-json\/wp\/v2\/types\/post"}],"author":[{"embeddable":true,"href":"https:\/\/www.messinaoggi.it\/website\/wp-json\/wp\/v2\/users\/2"}],"replies":[{"embeddable":true,"href":"https:\/\/www.messinaoggi.it\/website\/wp-json\/wp\/v2\/comments?post=36339"}],"version-history":[{"count":0,"href":"https:\/\/www.messinaoggi.it\/website\/wp-json\/wp\/v2\/posts\/36339\/revisions"}],"wp:featuredmedia":[{"embeddable":true,"href":"https:\/\/www.messinaoggi.it\/website\/wp-json\/wp\/v2\/media\/2273"}],"wp:attachment":[{"href":"https:\/\/www.messinaoggi.it\/website\/wp-json\/wp\/v2\/media?parent=36339"}],"wp:term":[{"taxonomy":"category","embeddable":true,"href":"https:\/\/www.messinaoggi.it\/website\/wp-json\/wp\/v2\/categories?post=36339"},{"taxonomy":"post_tag","embeddable":true,"href":"https:\/\/www.messinaoggi.it\/website\/wp-json\/wp\/v2\/tags?post=36339"}],"curies":[{"name":"wp","href":"https:\/\/api.w.org\/{rel}","templated":true}]}}